{"id":16489,"date":"2024-01-17T09:57:10","date_gmt":"2024-01-17T12:57:10","guid":{"rendered":"https:\/\/maxradio923.com.ar\/index.php\/2024\/01\/17\/acciones-conjuntas-para-embellecer-caucete-operativo-de-limpieza-en-barrio-las-vinas\/"},"modified":"2024-01-17T09:57:10","modified_gmt":"2024-01-17T12:57:10","slug":"acciones-conjuntas-para-embellecer-caucete-operativo-de-limpieza-en-barrio-las-vinas","status":"publish","type":"post","link":"https:\/\/maxradio923.com.ar\/index.php\/2024\/01\/17\/acciones-conjuntas-para-embellecer-caucete-operativo-de-limpieza-en-barrio-las-vinas\/","title":{"rendered":"Acciones Conjuntas para Embellecer Caucete: Operativo de Limpieza en Barrio Las Vi\u00f1as"},"content":{"rendered":"<p><img decoding=\"async\" src=\"https:\/\/grupomorenomedios.com.ar\/wp-content\/uploads\/2024\/01\/418499463_688144153500152_8447899308986415484_n.jpg\"\/><\/p>\n<p><img decoding=\"async\" src=\"https:\/\/diariod3.com\/wp-content\/uploads\/2024\/01\/418499463_688144153500152_8447899308986415484_n.jpg\"\/> <\/p>\n<p>El compromiso incansable del equipo municipal de Caucete se hizo evidente este fin de semana, cuando llevaron a cabo un operativo integral en el Barrio Las Vi\u00f1as. Las labores abarcaron desde la limpieza y retiro de escombros hasta el desmalezado, despeje de arbolado y corte de ramas terciarias, todo con el objetivo de embellecer y mejorar el entorno para los residentes.<\/p>\n<p><img decoding=\"async\" src=\"https:\/\/diariod3.com\/wp-content\/uploads\/2024\/01\/418473055_688144143500153_8343239455507406632_n.webp\"\/> <img decoding=\"async\" src=\"https:\/\/diariod3.com\/wp-content\/uploads\/2024\/01\/418475541_688144123500155_1148563194028936980_n.webp\"\/> <img decoding=\"async\" src=\"https:\/\/diariod3.com\/wp-content\/uploads\/2024\/01\/418481857_688144150166819_7104424519202831310_n.webp\"\/> <img decoding=\"async\" src=\"https:\/\/diariod3.com\/wp-content\/uploads\/2024\/01\/418542720_688144126833488_281333943837859613_n.webp\"\/><\/p>\n<p>La intendenta Romina Rosas se uni\u00f3 al operativo, demostrando su compromiso directo con la comunidad y su deseo de abordar las inquietudes de los vecinos de manera cercana. Durante su visita, comparti\u00f3 momentos de charla con los residentes para comprender sus preocupaciones y necesidades, fortaleciendo as\u00ed el v\u00ednculo entre la administraci\u00f3n municipal y la comunidad.<\/p>\n<p>El trabajo en equipo, donde la intendenta estuvo activamente involucrada, refleja el compromiso de la gesti\u00f3n municipal con el bienestar de Caucete. La realizaci\u00f3n de estas acciones no solo mejora la est\u00e9tica del barrio, sino que tambi\u00e9n contribuye al bienestar general de los residentes al crear un entorno m\u00e1s limpio y seguro.<\/p>\n<p>Esta iniciativa no solo destaca el esfuerzo del equipo municipal sino tambi\u00e9n la importancia de la participaci\u00f3n activa de la comunidad en la construcci\u00f3n de un mejor entorno. El lema \u00ab\u00a1El trabajo en equipo que mejora a Caucete!\u00bb resume la colaboraci\u00f3n y dedicaci\u00f3n que est\u00e1n guiando el progreso y embellecimiento de la localidad.<\/p>\n<p>La entrada Acciones Conjuntas para Embellecer Caucete: Operativo de Limpieza en Barrio Las Vi\u00f1as se public\u00f3 primero en DIARIO DIGITAL MORENO MEDIOS.<\/p>\n","protected":false},"excerpt":{"rendered":"<p>El compromiso incansable del equipo municipal de Caucete se hizo evidente este fin de semana, cuando llevaron a cabo un operativo integral en el Barrio Las Vi\u00f1as. Las labores abarcaron desde la limpieza y retiro de escombros hasta el desmalezado, despeje de arbolado y corte de ramas terciarias, todo con el objetivo de embellecer y [&hellip;]<\/p>\n","protected":false},"author":1,"featured_media":16490,"comment_status":"","ping_status":"","sticky":false,"template":"","format":"standard","meta":{"footnotes":""},"categories":[5],"tags":[],"_links":{"self":[{"href":"https:\/\/maxradio923.com.ar\/index.php\/wp-json\/wp\/v2\/posts\/16489"}],"collection":[{"href":"https:\/\/maxradio923.com.ar\/index.php\/wp-json\/wp\/v2\/posts"}],"about":[{"href":"https:\/\/maxradio923.com.ar\/index.php\/wp-json\/wp\/v2\/types\/post"}],"author":[{"embeddable":true,"href":"https:\/\/maxradio923.com.ar\/index.php\/wp-json\/wp\/v2\/users\/1"}],"replies":[{"embeddable":true,"href":"https:\/\/maxradio923.com.ar\/index.php\/wp-json\/wp\/v2\/comments?post=16489"}],"version-history":[{"count":0,"href":"https:\/\/maxradio923.com.ar\/index.php\/wp-json\/wp\/v2\/posts\/16489\/revisions"}],"wp:featuredmedia":[{"embeddable":true,"href":"https:\/\/maxradio923.com.ar\/index.php\/wp-json\/wp\/v2\/media\/16490"}],"wp:attachment":[{"href":"https:\/\/maxradio923.com.ar\/index.php\/wp-json\/wp\/v2\/media?parent=16489"}],"wp:term":[{"taxonomy":"category","embeddable":true,"href":"https:\/\/maxradio923.com.ar\/index.php\/wp-json\/wp\/v2\/categories?post=16489"},{"taxonomy":"post_tag","embeddable":true,"href":"https:\/\/maxradio923.com.ar\/index.php\/wp-json\/wp\/v2\/tags?post=16489"}],"curies":[{"name":"wp","href":"https:\/\/api.w.org\/{rel}","templated":true}]}}