{"id":16487,"date":"2024-01-17T09:57:06","date_gmt":"2024-01-17T12:57:06","guid":{"rendered":"https:\/\/maxradio923.com.ar\/index.php\/2024\/01\/17\/acuerdo-entre-el-intendente-aballay-y-la-facultad-de-arquitectura-para-impulsar-talleres-de-insercion-laboral-en-pocito\/"},"modified":"2024-01-17T09:57:06","modified_gmt":"2024-01-17T12:57:06","slug":"acuerdo-entre-el-intendente-aballay-y-la-facultad-de-arquitectura-para-impulsar-talleres-de-insercion-laboral-en-pocito","status":"publish","type":"post","link":"https:\/\/maxradio923.com.ar\/index.php\/2024\/01\/17\/acuerdo-entre-el-intendente-aballay-y-la-facultad-de-arquitectura-para-impulsar-talleres-de-insercion-laboral-en-pocito\/","title":{"rendered":"Acuerdo entre el Intendente Aballay y la Facultad de Arquitectura para Impulsar Talleres de Inserci\u00f3n Laboral en Pocito"},"content":{"rendered":"<p><img decoding=\"async\" src=\"https:\/\/grupomorenomedios.com.ar\/wp-content\/uploads\/2024\/01\/WhatsApp-Image-2024-01-16-at-16.36.00-1-1.jpe\"\/><\/p>\n<p><img decoding=\"async\" src=\"https:\/\/diariod3.com\/wp-content\/uploads\/2024\/01\/WhatsApp-Image-2024-01-16-at-16.36.00-1-1.jpeg\"\/><\/p>\n<p>En una iniciativa conjunta para fortalecer las oportunidades de empleo en Pocito, el Intendente Fabi\u00e1n Aballay recibi\u00f3 al Decano de la Facultad de Arquitectura, Urbanismo y Dise\u00f1o, arq. Guillermo Velasco, de la Universidad Nacional de San Juan. Ambos l\u00edderes rubricaron un acta de intenci\u00f3n que sienta las bases para la realizaci\u00f3n de talleres de inserci\u00f3n laboral en la comunidad.<\/p>\n<p><img decoding=\"async\" src=\"https:\/\/diariod3.com\/wp-content\/uploads\/2024\/01\/WhatsApp-Image-2024-01-16-at-16.36.00-1.webp\"\/><\/p>\n<p>El objetivo principal de este acuerdo es proporcionar a los residentes de Pocito las herramientas necesarias para mejorar sus habilidades y aumentar sus posibilidades de inserci\u00f3n en el mercado laboral. Los talleres, que se llevar\u00e1n a cabo pr\u00f3ximamente en el departamento, abarcar\u00e1n tem\u00e1ticas clave como maquetaci\u00f3n, tecnolog\u00edas constructivas, reproducci\u00f3n gr\u00e1fica y dibujo digital.<\/p>\n<p>El Intendente Aballay expres\u00f3 su entusiasmo por esta colaboraci\u00f3n, destacando la importancia de brindar oportunidades de formaci\u00f3n que respondan a las demandas actuales del sector laboral local. \u00abEstamos comprometidos en ofrecer a nuestros ciudadanos las herramientas necesarias para desarrollarse profesionalmente y contribuir al crecimiento de nuestra comunidad\u00bb, afirm\u00f3 Aballay.<\/p>\n<p>Por su parte, el Decano Guillermo Velasco subray\u00f3 la relevancia de la sinergia entre la academia y el gobierno local. \u00abEsta alianza estrat\u00e9gica permitir\u00e1 a los habitantes de Pocito adquirir conocimientos actualizados y relevantes en el campo de la arquitectura y el dise\u00f1o, mejorando as\u00ed sus perspectivas laborales\u00bb, se\u00f1al\u00f3 Velasco.<\/p>\n<p>El plan de acci\u00f3n contempla la realizaci\u00f3n de un total de 20 talleres, que se llevar\u00e1n a cabo de manera accesible para que un amplio sector de la poblaci\u00f3n pueda participar y beneficiarse de esta iniciativa. Adem\u00e1s, la diputada departamental, Stella Caparros, particip\u00f3 activamente en el encuentro, mostrando su apoyo y compromiso con la creaci\u00f3n de oportunidades de desarrollo en Pocito.<\/p>\n<p>La firma de este acuerdo representa un paso significativo hacia la construcci\u00f3n de un futuro m\u00e1s pr\u00f3spero y capacitado para los habitantes de Pocito. La comunidad espera con expectaci\u00f3n el inicio de estos talleres, confiando en que contribuir\u00e1n positivamente al crecimiento y la preparaci\u00f3n laboral de sus ciudadanos.<\/p>\n<p>OPERADOR: EUGENIA VILA<\/p>\n<p>La entrada Acuerdo entre el Intendente Aballay y la Facultad de Arquitectura para Impulsar Talleres de Inserci\u00f3n Laboral en Pocito se public\u00f3 primero en DIARIO DIGITAL MORENO MEDIOS.<\/p>\n","protected":false},"excerpt":{"rendered":"<p>En una iniciativa conjunta para fortalecer las oportunidades de empleo en Pocito, el Intendente Fabi\u00e1n Aballay recibi\u00f3 al Decano de la Facultad de Arquitectura, Urbanismo y Dise\u00f1o, arq. Guillermo Velasco, de la Universidad Nacional de San Juan. Ambos l\u00edderes rubricaron un acta de intenci\u00f3n que sienta las bases para la realizaci\u00f3n de talleres de inserci\u00f3n [&hellip;]<\/p>\n","protected":false},"author":1,"featured_media":16488,"comment_status":"","ping_status":"","sticky":false,"template":"","format":"standard","meta":{"footnotes":""},"categories":[5],"tags":[],"_links":{"self":[{"href":"https:\/\/maxradio923.com.ar\/index.php\/wp-json\/wp\/v2\/posts\/16487"}],"collection":[{"href":"https:\/\/maxradio923.com.ar\/index.php\/wp-json\/wp\/v2\/posts"}],"about":[{"href":"https:\/\/maxradio923.com.ar\/index.php\/wp-json\/wp\/v2\/types\/post"}],"author":[{"embeddable":true,"href":"https:\/\/maxradio923.com.ar\/index.php\/wp-json\/wp\/v2\/users\/1"}],"replies":[{"embeddable":true,"href":"https:\/\/maxradio923.com.ar\/index.php\/wp-json\/wp\/v2\/comments?post=16487"}],"version-history":[{"count":0,"href":"https:\/\/maxradio923.com.ar\/index.php\/wp-json\/wp\/v2\/posts\/16487\/revisions"}],"wp:featuredmedia":[{"embeddable":true,"href":"https:\/\/maxradio923.com.ar\/index.php\/wp-json\/wp\/v2\/media\/16488"}],"wp:attachment":[{"href":"https:\/\/maxradio923.com.ar\/index.php\/wp-json\/wp\/v2\/media?parent=16487"}],"wp:term":[{"taxonomy":"category","embeddable":true,"href":"https:\/\/maxradio923.com.ar\/index.php\/wp-json\/wp\/v2\/categories?post=16487"},{"taxonomy":"post_tag","embeddable":true,"href":"https:\/\/maxradio923.com.ar\/index.php\/wp-json\/wp\/v2\/tags?post=16487"}],"curies":[{"name":"wp","href":"https:\/\/api.w.org\/{rel}","templated":true}]}}