{"id":16483,"date":"2024-01-17T09:56:48","date_gmt":"2024-01-17T12:56:48","guid":{"rendered":"https:\/\/maxradio923.com.ar\/index.php\/2024\/01\/17\/los-papas-que-desayunan-o-almuerzan-en-la-tumba-de-su-hijo-asesinado\/"},"modified":"2024-01-17T09:56:48","modified_gmt":"2024-01-17T12:56:48","slug":"los-papas-que-desayunan-o-almuerzan-en-la-tumba-de-su-hijo-asesinado","status":"publish","type":"post","link":"https:\/\/maxradio923.com.ar\/index.php\/2024\/01\/17\/los-papas-que-desayunan-o-almuerzan-en-la-tumba-de-su-hijo-asesinado\/","title":{"rendered":"Los pap\u00e1s que desayunan o almuerzan en la tumba de su hijo asesinado"},"content":{"rendered":"<p><img decoding=\"async\" alt=\"\u201cParece que matar fuera un trofeo\u201d, dicen los pap\u00e1s de Lautaro. Foto Luciano Thieberger\" src=\"https:\/\/www.clarin.com\/img\/2024\/01\/16\/GYAkSmcrm_720x0__1.jpg\"\/>\u201cParece que matar fuera un trofeo\u201d, dicen los pap\u00e1s de Lautaro. Foto Luciano Thieberger<img decoding=\"async\" alt=\"Lautaro Alvaredo ten\u00eda 19 a\u00f1os.\" src=\"https:\/\/www.clarin.com\/img\/2023\/11\/08\/c1_ECfGBC_720x0__1.jpg\"\/>Lautaro Alvaredo ten\u00eda 19 a\u00f1os.<img decoding=\"async\" alt=\"Los pap\u00e1s de Lautaro Alvaredo, durante la entrevista con Clar\u00edn en el cementerio Los Ceibos. Foto Luciano Thieberger. \" src=\"https:\/\/www.clarin.com\/img\/2024\/01\/16\/cqtzmRQq5_720x0__1.jpg\"\/>Los pap\u00e1s de Lautaro Alvaredo, durante la entrevista con Clar\u00edn en el cementerio Los Ceibos. Foto Luciano Thieberger. <img decoding=\"async\" alt=\"La placa que recuerda al joven asesinado. Foto Luciano Thieberger. \" src=\"https:\/\/www.clarin.com\/img\/2024\/01\/16\/DLT1Ix8Qf_720x0__1.jpg\"\/>La placa que recuerda al joven asesinado. Foto Luciano Thieberger. <img decoding=\"async\" alt=\"Los padres de Lautaro esperan el juicio contra los tres imputados. Foto Luciano Thieberger. \" src=\"https:\/\/www.clarin.com\/img\/2024\/01\/16\/4qrCzARG4_720x0__1.jpg\"\/>Los padres de Lautaro esperan el juicio contra los tres imputados. Foto Luciano Thieberger.<\/p>\n","protected":false},"excerpt":{"rendered":"<p>\u201cParece que matar fuera un trofeo\u201d, dicen los pap\u00e1s de Lautaro. Foto Luciano ThiebergerLautaro Alvaredo ten\u00eda 19 a\u00f1os.Los pap\u00e1s de Lautaro Alvaredo, durante la entrevista con Clar\u00edn en el cementerio Los Ceibos. Foto Luciano Thieberger. La placa que recuerda al joven asesinado. Foto Luciano Thieberger. Los padres de Lautaro esperan el juicio contra los tres imputados. Foto Luciano Thieberger.<\/p>\n","protected":false},"author":2,"featured_media":16484,"comment_status":"","ping_status":"","sticky":false,"template":"","format":"standard","meta":{"footnotes":""},"categories":[6],"tags":[],"_links":{"self":[{"href":"https:\/\/maxradio923.com.ar\/index.php\/wp-json\/wp\/v2\/posts\/16483"}],"collection":[{"href":"https:\/\/maxradio923.com.ar\/index.php\/wp-json\/wp\/v2\/posts"}],"about":[{"href":"https:\/\/maxradio923.com.ar\/index.php\/wp-json\/wp\/v2\/types\/post"}],"author":[{"embeddable":true,"href":"https:\/\/maxradio923.com.ar\/index.php\/wp-json\/wp\/v2\/users\/2"}],"replies":[{"embeddable":true,"href":"https:\/\/maxradio923.com.ar\/index.php\/wp-json\/wp\/v2\/comments?post=16483"}],"version-history":[{"count":0,"href":"https:\/\/maxradio923.com.ar\/index.php\/wp-json\/wp\/v2\/posts\/16483\/revisions"}],"wp:featuredmedia":[{"embeddable":true,"href":"https:\/\/maxradio923.com.ar\/index.php\/wp-json\/wp\/v2\/media\/16484"}],"wp:attachment":[{"href":"https:\/\/maxradio923.com.ar\/index.php\/wp-json\/wp\/v2\/media?parent=16483"}],"wp:term":[{"taxonomy":"category","embeddable":true,"href":"https:\/\/maxradio923.com.ar\/index.php\/wp-json\/wp\/v2\/categories?post=16483"},{"taxonomy":"post_tag","embeddable":true,"href":"https:\/\/maxradio923.com.ar\/index.php\/wp-json\/wp\/v2\/tags?post=16483"}],"curies":[{"name":"wp","href":"https:\/\/api.w.org\/{rel}","templated":true}]}}