{"id":16457,"date":"2024-01-16T12:56:34","date_gmt":"2024-01-16T15:56:34","guid":{"rendered":"https:\/\/maxradio923.com.ar\/index.php\/2024\/01\/16\/reprogramacion-en-el-aumento-de-pasajes-de-colectivo-en-san-juan\/"},"modified":"2024-01-16T12:56:34","modified_gmt":"2024-01-16T15:56:34","slug":"reprogramacion-en-el-aumento-de-pasajes-de-colectivo-en-san-juan","status":"publish","type":"post","link":"https:\/\/maxradio923.com.ar\/index.php\/2024\/01\/16\/reprogramacion-en-el-aumento-de-pasajes-de-colectivo-en-san-juan\/","title":{"rendered":"Reprogramaci\u00f3n en el Aumento de Pasajes de Colectivo en San Juan"},"content":{"rendered":"<p><img decoding=\"async\" src=\"https:\/\/diariod3.com\/wp-content\/uploads\/2023\/12\/redtulum.webp\"\/><\/p>\n<p>La Ministra de Gobierno, Laura Palma, explic\u00f3 que la empresa SUBE no carg\u00f3 en el plazo previsto los nuevos montos, ya que enfrent\u00f3 una alta demanda de otras provincias que tambi\u00e9n ajustaron sus tarifas. Aunque no se especific\u00f3 una fecha concreta, se contempla la posibilidad de que la actualizaci\u00f3n se lleve a cabo a lo largo de esta semana en todas las unidades de RedTulum.<\/p>\n<p>Los nuevos montos ser\u00e1n los siguientes:<\/p>\n<ul>\n<li><strong>Primera secci\u00f3n:<\/strong> $200<\/li>\n<li><strong>Pocito:<\/strong> $335,01<\/li>\n<li><strong>Caucete:<\/strong> $425<\/li>\n<li><strong>9 de Julio:<\/strong> $335,01<\/li>\n<li><strong>Aeropuerto:<\/strong> $335,01<\/li>\n<li><strong>25 de Mayo:<\/strong> $608,35<\/li>\n<li><strong>Enc\u00f3n:<\/strong> $1560,03<\/li>\n<li><strong>Albard\u00f3n:<\/strong> $335,01<\/li>\n<li><strong>Angaco:<\/strong> $433,34<\/li>\n<li><strong>San Mart\u00edn:<\/strong> $433,34<\/li>\n<li><strong>Zonda:<\/strong> $455,01<\/li>\n<li><strong>Ullum:<\/strong> $761,68<\/li>\n<li><strong>Sarmiento:<\/strong> $806,66<\/li>\n<li><strong>Calingasta:<\/strong> $5596,78*<\/li>\n<li><strong>Iglesia:<\/strong> $5596,78*<\/li>\n<li><strong>J\u00e1chal:<\/strong> $3358,40*<\/li>\n<li><strong>Valle F\u00e9rtil:<\/strong> $5036,77*<\/li>\n<\/ul>\n<p>*Cabe destacar que en los departamentos marcados con un asterisco, el nuevo valor ya est\u00e1 en vigencia, ya que se abona directamente en la boleter\u00eda y no a trav\u00e9s de la tarjeta SUBE.<\/p>\n<p>En relaci\u00f3n con los beneficios adicionales:<\/p>\n<ul>\n<li><strong>Bolero escolar:<\/strong> $66<\/li>\n<li><strong>Tarifa social:<\/strong> Descuento del 55% del valor del pasaje.<\/li>\n<\/ul>\n<p>En cuanto al trasbordo, la combinaci\u00f3n de l\u00edneas seguir\u00e1 siendo gratuita en la primera secci\u00f3n y durante 90 minutos.<\/p>\n<p>OP: Juan Llarena<\/p>\n","protected":false},"excerpt":{"rendered":"<p>La Ministra de Gobierno, Laura Palma, explic\u00f3 que la empresa SUBE no carg\u00f3 en el plazo previsto los nuevos montos, ya que enfrent\u00f3 una alta demanda de otras provincias que tambi\u00e9n ajustaron sus tarifas. Aunque no se especific\u00f3 una fecha concreta, se contempla la posibilidad de que la actualizaci\u00f3n se lleve a cabo a lo largo de esta semana en todas las unidades de RedTulum.<br \/>\n Los nuevos montos ser\u00e1n los siguientes:<br \/>\n Primera secci\u00f3n: $200 Pocito: $335,01 Caucete: $425 9 de Julio: $335,01 Aeropuerto: $335,01 25 de Mayo: $608,35 Enc\u00f3n: $1560,03 Albard\u00f3n: $335,01 Angaco: $433,34 San Mart\u00edn: $433,34 Zonda: $455,01 Ullum: $761,68 Sarmiento: $806,66 Calingasta: $5596,78* Iglesia: $5596,78* J\u00e1chal: $3358,40* Valle F\u00e9rtil: $5036,77* *Cabe destacar que en los departamentos marcados con un asterisco, el nuevo valor ya est\u00e1 en vigencia, ya que se abona directamente en la boleter\u00eda y no a trav\u00e9s de la tarjeta SUBE.<br \/>\n En relaci\u00f3n con los beneficios adicionales:<br \/>\n Bolero escolar: $66 Tarifa social: Descu..<\/p>\n","protected":false},"author":2,"featured_media":16458,"comment_status":"","ping_status":"","sticky":false,"template":"","format":"standard","meta":{"footnotes":""},"categories":[8],"tags":[],"_links":{"self":[{"href":"https:\/\/maxradio923.com.ar\/index.php\/wp-json\/wp\/v2\/posts\/16457"}],"collection":[{"href":"https:\/\/maxradio923.com.ar\/index.php\/wp-json\/wp\/v2\/posts"}],"about":[{"href":"https:\/\/maxradio923.com.ar\/index.php\/wp-json\/wp\/v2\/types\/post"}],"author":[{"embeddable":true,"href":"https:\/\/maxradio923.com.ar\/index.php\/wp-json\/wp\/v2\/users\/2"}],"replies":[{"embeddable":true,"href":"https:\/\/maxradio923.com.ar\/index.php\/wp-json\/wp\/v2\/comments?post=16457"}],"version-history":[{"count":0,"href":"https:\/\/maxradio923.com.ar\/index.php\/wp-json\/wp\/v2\/posts\/16457\/revisions"}],"wp:featuredmedia":[{"embeddable":true,"href":"https:\/\/maxradio923.com.ar\/index.php\/wp-json\/wp\/v2\/media\/16458"}],"wp:attachment":[{"href":"https:\/\/maxradio923.com.ar\/index.php\/wp-json\/wp\/v2\/media?parent=16457"}],"wp:term":[{"taxonomy":"category","embeddable":true,"href":"https:\/\/maxradio923.com.ar\/index.php\/wp-json\/wp\/v2\/categories?post=16457"},{"taxonomy":"post_tag","embeddable":true,"href":"https:\/\/maxradio923.com.ar\/index.php\/wp-json\/wp\/v2\/tags?post=16457"}],"curies":[{"name":"wp","href":"https:\/\/api.w.org\/{rel}","templated":true}]}}