{"id":16447,"date":"2024-01-16T12:55:08","date_gmt":"2024-01-16T15:55:08","guid":{"rendered":"https:\/\/maxradio923.com.ar\/index.php\/2024\/01\/16\/giro-del-sol-el-paso-de-los-ciclistas-por-rivadavia\/"},"modified":"2024-01-16T12:55:08","modified_gmt":"2024-01-16T15:55:08","slug":"giro-del-sol-el-paso-de-los-ciclistas-por-rivadavia","status":"publish","type":"post","link":"https:\/\/maxradio923.com.ar\/index.php\/2024\/01\/16\/giro-del-sol-el-paso-de-los-ciclistas-por-rivadavia\/","title":{"rendered":"GIRO DEL SOL: el paso de los ciclistas por Rivadavia"},"content":{"rendered":"<p><img decoding=\"async\" src=\"https:\/\/grupomorenomedios.com.ar\/wp-content\/uploads\/2024\/01\/419401881_776466864515801_7063456571659605724_n.jpg\"\/><\/p>\n<p><img decoding=\"async\" src=\"https:\/\/diariod3.com\/wp-content\/uploads\/2024\/01\/419401881_776466864515801_7063456571659605724_n.jpg\"\/>                   El fin de semana se vivi\u00f3 con mucha expectativa la XXII edici\u00f3n de la carrera GiroDelSol. El intendente Sergio Miodowsky, junto a funcionarios provinciales y equipo municipal, acompa\u00f1\u00f3 el paso de la 3ra etapa por Rivadavia de los ciclistas, familiares y seguidores.   Con gran desempe\u00f1o el primer lugar lo obtuvo Leonardo Cobarrubia y lo siguieron los corredores Alejandro Durante y Emiliano Contreras.   Destacan la inmensa dedicaci\u00f3n y esfuerzo de cada uno de los participantes. Tambi\u00e9n el trabajo y log\u00edstica del gobierno provincial en tal importante evento deportivo.               <img decoding=\"async\" src=\"https:\/\/scontent.fcor2-1.fna.fbcdn.net\/v\/t39.30808-6\/419746497_776466737849147_5239176381481492831_n.jpg?stp=dst-jpg_p526x395&amp;_nc_cat=103&amp;ccb=1-7&amp;_nc_sid=dd5e9f&amp;_nc_eui2=AeG7nUynDdrDvjpjU6oRkWHiDV7vwdDKHIcNXu_B0Moch-0FJOIaG0E1MzhmoqVMZgy2ZHem2d8M4CbhJfnLl2OP&amp;_nc_ohc=NIIrAVuBh80AX-X2E3M&amp;_nc_ht=scontent.fcor2-1.fna&amp;oh=00_AfD7aZdmon7hmXHaeYSP54zwGLMcHt-kQna99MC88P4mUA&amp;oe=65AAAED9\"\/>         <img decoding=\"async\" src=\"https:\/\/scontent.fcor2-2.fna.fbcdn.net\/v\/t39.30808-6\/419840969_776466764515811_153493408748596565_n.jpg?stp=dst-jpg_p526x395&amp;_nc_cat=110&amp;ccb=1-7&amp;_nc_sid=dd5e9f&amp;_nc_eui2=AeFGA-74rZJduEz21EaL8lGUyIdqugSqZpvIh2q6BKpmm1xxlrW3F3x9mq7bvsC56SPAJkgANS7j_VumCdIXyX-Z&amp;_nc_ohc=iK3A1th1A4oAX9kGlwU&amp;_nc_ht=scontent.fcor2-2.fna&amp;oh=00_AfDp98TFQkSDhQJUUn2IOvuoTOshfsWXJfQ8rMbVWL-XCA&amp;oe=65AAB52F\"\/>         <img decoding=\"async\" src=\"https:\/\/scontent.fcor2-1.fna.fbcdn.net\/v\/t39.30808-6\/419884984_776466787849142_2347071668927939436_n.jpg?stp=dst-jpg_p526x395&amp;_nc_cat=101&amp;ccb=1-7&amp;_nc_sid=dd5e9f&amp;_nc_eui2=AeHdF4s_XS0xgVUhO_nYYfDgXVjVgqv2IqxdWNWCq_YirBW-nUO1OsDjS2_EXSzqewpyXWHzwiKhEENYVOkgCdv2&amp;_nc_ohc=YGXSQyeE-_cAX_oFx8V&amp;_nc_oc=AQlC660TX6CPgfgWWIvTDt_V0VTCFMVZDUeDDAdoRNg_vikAJYnbTnMTWaO2yr0l4dw&amp;_nc_ht=scontent.fcor2-1.fna&amp;oh=00_AfB5GrFeIg9r4HYgAYweEgr1ScK0lF4-HGoh0kjltDljfg&amp;oe=65AB2D7B\"\/>         <img decoding=\"async\" src=\"https:\/\/scontent.fcor2-1.fna.fbcdn.net\/v\/t39.30808-6\/419840170_776466827849138_2395206413897325236_n.jpg?stp=dst-jpg_p526x395&amp;_nc_cat=107&amp;ccb=1-7&amp;_nc_sid=dd5e9f&amp;_nc_eui2=AeF5A4aLu2A4IpCpJysXWawLVaAsulmvgYRVoCy6Wa-BhDqB-xLVythIZfQqxz5BlYSVCohNfdT3Y61UPjCzqwm4&amp;_nc_ohc=42cIfc91PjwAX8R0ppN&amp;_nc_ht=scontent.fcor2-1.fna&amp;oh=00_AfCBgFta-0-FluafLZr62m9qWbLiuTDXnjTBuoFZMhkI0Q&amp;oe=65AB0655\"\/>         <img decoding=\"async\" src=\"https:\/\/scontent.fcor2-1.fna.fbcdn.net\/v\/t39.30808-6\/419401881_776466864515801_7063456571659605724_n.jpg?stp=dst-jpg_p526x395&amp;_nc_cat=103&amp;ccb=1-7&amp;_nc_sid=dd5e9f&amp;_nc_eui2=AeGq5hGYvCPhJXiHN4eXQVZUaeZO89SrO9Zp5k7z1Ks71u9RaRC5WZyQwMniM_tTIqBniu-POChZ77Ado6B567T8&amp;_nc_ohc=Xtn3k7h14mYAX_isEwv&amp;_nc_ht=scontent.fcor2-1.fna&amp;oh=00_AfD00Gakh-863mzSSoJOiayfuxgyQxeplmacf-QeQlojxA&amp;oe=65AA3F6D\"\/>                        <\/p>\n<p>OPERADOR: EUGENIA VILA<\/p>\n<p>La entrada GIRO DEL SOL: el paso de los ciclistas por Rivadavia se public\u00f3 primero en DIARIO DIGITAL MORENO MEDIOS.<\/p>\n","protected":false},"excerpt":{"rendered":"<p>El fin de semana se vivi\u00f3 con mucha expectativa la XXII edici\u00f3n de la carrera GiroDelSol. El intendente Sergio Miodowsky, junto a funcionarios provinciales y equipo municipal, acompa\u00f1\u00f3 el paso de la 3ra etapa por Rivadavia de los ciclistas, familiares y seguidores. Con gran desempe\u00f1o el primer lugar lo obtuvo Leonardo Cobarrubia y lo siguieron [&hellip;]<\/p>\n","protected":false},"author":1,"featured_media":16448,"comment_status":"","ping_status":"","sticky":false,"template":"","format":"standard","meta":{"footnotes":""},"categories":[5],"tags":[],"_links":{"self":[{"href":"https:\/\/maxradio923.com.ar\/index.php\/wp-json\/wp\/v2\/posts\/16447"}],"collection":[{"href":"https:\/\/maxradio923.com.ar\/index.php\/wp-json\/wp\/v2\/posts"}],"about":[{"href":"https:\/\/maxradio923.com.ar\/index.php\/wp-json\/wp\/v2\/types\/post"}],"author":[{"embeddable":true,"href":"https:\/\/maxradio923.com.ar\/index.php\/wp-json\/wp\/v2\/users\/1"}],"replies":[{"embeddable":true,"href":"https:\/\/maxradio923.com.ar\/index.php\/wp-json\/wp\/v2\/comments?post=16447"}],"version-history":[{"count":0,"href":"https:\/\/maxradio923.com.ar\/index.php\/wp-json\/wp\/v2\/posts\/16447\/revisions"}],"wp:featuredmedia":[{"embeddable":true,"href":"https:\/\/maxradio923.com.ar\/index.php\/wp-json\/wp\/v2\/media\/16448"}],"wp:attachment":[{"href":"https:\/\/maxradio923.com.ar\/index.php\/wp-json\/wp\/v2\/media?parent=16447"}],"wp:term":[{"taxonomy":"category","embeddable":true,"href":"https:\/\/maxradio923.com.ar\/index.php\/wp-json\/wp\/v2\/categories?post=16447"},{"taxonomy":"post_tag","embeddable":true,"href":"https:\/\/maxradio923.com.ar\/index.php\/wp-json\/wp\/v2\/tags?post=16447"}],"curies":[{"name":"wp","href":"https:\/\/api.w.org\/{rel}","templated":true}]}}