{"id":16440,"date":"2024-01-16T12:43:18","date_gmt":"2024-01-16T15:43:18","guid":{"rendered":"https:\/\/maxradio923.com.ar\/index.php\/2024\/01\/16\/un-ejecutivo-argentino-al-frente-de-la-automotriz-stellantis-en-america-del-norte\/"},"modified":"2024-01-16T12:43:18","modified_gmt":"2024-01-16T15:43:18","slug":"un-ejecutivo-argentino-al-frente-de-la-automotriz-stellantis-en-america-del-norte","status":"publish","type":"post","link":"https:\/\/maxradio923.com.ar\/index.php\/2024\/01\/16\/un-ejecutivo-argentino-al-frente-de-la-automotriz-stellantis-en-america-del-norte\/","title":{"rendered":"Un ejecutivo argentino, al frente de la automotriz Stellantis en Am\u00e9rica del Norte"},"content":{"rendered":"<p>Es Carlos Zarlenga, ex presidente de General Motors Sudam\u00e9rica. Desde el 1\u00ba de febrero asumir\u00e1 la titularidad para Estados Unidos, M\u00e9xico y Canad\u00e1 de la automotriz que engloba a Fiat, Chrysler, Jeep y Peugeot. <\/p>\n","protected":false},"excerpt":{"rendered":"<p>Es Carlos Zarlenga, ex presidente de General Motors Sudam\u00e9rica. Desde el 1\u00ba de febrero asumir\u00e1 la titularidad para Estados Unidos, M\u00e9xico y Canad\u00e1 de la automotriz que engloba a Fiat, Chrysler, Jeep y Peugeot.<\/p>\n","protected":false},"author":2,"featured_media":0,"comment_status":"","ping_status":"","sticky":false,"template":"","format":"standard","meta":{"footnotes":""},"categories":[2],"tags":[],"_links":{"self":[{"href":"https:\/\/maxradio923.com.ar\/index.php\/wp-json\/wp\/v2\/posts\/16440"}],"collection":[{"href":"https:\/\/maxradio923.com.ar\/index.php\/wp-json\/wp\/v2\/posts"}],"about":[{"href":"https:\/\/maxradio923.com.ar\/index.php\/wp-json\/wp\/v2\/types\/post"}],"author":[{"embeddable":true,"href":"https:\/\/maxradio923.com.ar\/index.php\/wp-json\/wp\/v2\/users\/2"}],"replies":[{"embeddable":true,"href":"https:\/\/maxradio923.com.ar\/index.php\/wp-json\/wp\/v2\/comments?post=16440"}],"version-history":[{"count":0,"href":"https:\/\/maxradio923.com.ar\/index.php\/wp-json\/wp\/v2\/posts\/16440\/revisions"}],"wp:attachment":[{"href":"https:\/\/maxradio923.com.ar\/index.php\/wp-json\/wp\/v2\/media?parent=16440"}],"wp:term":[{"taxonomy":"category","embeddable":true,"href":"https:\/\/maxradio923.com.ar\/index.php\/wp-json\/wp\/v2\/categories?post=16440"},{"taxonomy":"post_tag","embeddable":true,"href":"https:\/\/maxradio923.com.ar\/index.php\/wp-json\/wp\/v2\/tags?post=16440"}],"curies":[{"name":"wp","href":"https:\/\/api.w.org\/{rel}","templated":true}]}}