{"id":16438,"date":"2024-01-16T12:42:34","date_gmt":"2024-01-16T15:42:34","guid":{"rendered":"https:\/\/maxradio923.com.ar\/index.php\/2024\/01\/16\/tragedia-en-chile-se-estrello-una-avioneta-que-combatia-un-incendio-y-murio-su-piloto\/"},"modified":"2024-01-16T12:42:34","modified_gmt":"2024-01-16T15:42:34","slug":"tragedia-en-chile-se-estrello-una-avioneta-que-combatia-un-incendio-y-murio-su-piloto","status":"publish","type":"post","link":"https:\/\/maxradio923.com.ar\/index.php\/2024\/01\/16\/tragedia-en-chile-se-estrello-una-avioneta-que-combatia-un-incendio-y-murio-su-piloto\/","title":{"rendered":"Tragedia en Chile: se estrell\u00f3 una avioneta que combat\u00eda un incendio y muri\u00f3 su piloto"},"content":{"rendered":"<p><img decoding=\"async\" alt=\"La aeronave modelo Turbo Trush que se estrell\u00f3 en Chile era operada por la empresa a\u00e9rea Air Andes SPA y prestaba servicios a la Corporaci\u00f3n Nacional Forestal (CONAF). Foto X\" src=\"https:\/\/www.clarin.com\/img\/2024\/01\/16\/Hs1CN6b2W_720x0__1.jpg\"\/>La aeronave modelo Turbo Trush que se estrell\u00f3 en Chile era operada por la empresa a\u00e9rea Air Andes SPA y prestaba servicios a la Corporaci\u00f3n Nacional Forestal (CONAF). Foto X<\/p>\n","protected":false},"excerpt":{"rendered":"<p>La aeronave modelo Turbo Trush que se estrell\u00f3 en Chile era operada por la empresa a\u00e9rea Air Andes SPA y prestaba servicios a la Corporaci\u00f3n Nacional Forestal (CONAF). Foto X<\/p>\n","protected":false},"author":2,"featured_media":16439,"comment_status":"","ping_status":"","sticky":false,"template":"","format":"standard","meta":{"footnotes":""},"categories":[3],"tags":[],"_links":{"self":[{"href":"https:\/\/maxradio923.com.ar\/index.php\/wp-json\/wp\/v2\/posts\/16438"}],"collection":[{"href":"https:\/\/maxradio923.com.ar\/index.php\/wp-json\/wp\/v2\/posts"}],"about":[{"href":"https:\/\/maxradio923.com.ar\/index.php\/wp-json\/wp\/v2\/types\/post"}],"author":[{"embeddable":true,"href":"https:\/\/maxradio923.com.ar\/index.php\/wp-json\/wp\/v2\/users\/2"}],"replies":[{"embeddable":true,"href":"https:\/\/maxradio923.com.ar\/index.php\/wp-json\/wp\/v2\/comments?post=16438"}],"version-history":[{"count":0,"href":"https:\/\/maxradio923.com.ar\/index.php\/wp-json\/wp\/v2\/posts\/16438\/revisions"}],"wp:featuredmedia":[{"embeddable":true,"href":"https:\/\/maxradio923.com.ar\/index.php\/wp-json\/wp\/v2\/media\/16439"}],"wp:attachment":[{"href":"https:\/\/maxradio923.com.ar\/index.php\/wp-json\/wp\/v2\/media?parent=16438"}],"wp:term":[{"taxonomy":"category","embeddable":true,"href":"https:\/\/maxradio923.com.ar\/index.php\/wp-json\/wp\/v2\/categories?post=16438"},{"taxonomy":"post_tag","embeddable":true,"href":"https:\/\/maxradio923.com.ar\/index.php\/wp-json\/wp\/v2\/tags?post=16438"}],"curies":[{"name":"wp","href":"https:\/\/api.w.org\/{rel}","templated":true}]}}