{"id":16405,"date":"2024-01-16T11:34:49","date_gmt":"2024-01-16T14:34:49","guid":{"rendered":"https:\/\/maxradio923.com.ar\/index.php\/2024\/01\/16\/caso-bubica-peritaje-psiquiatrico-determina-que-la-acusada-es-imputable\/"},"modified":"2024-01-16T11:34:49","modified_gmt":"2024-01-16T14:34:49","slug":"caso-bubica-peritaje-psiquiatrico-determina-que-la-acusada-es-imputable","status":"publish","type":"post","link":"https:\/\/maxradio923.com.ar\/index.php\/2024\/01\/16\/caso-bubica-peritaje-psiquiatrico-determina-que-la-acusada-es-imputable\/","title":{"rendered":"Caso B\u00fabica: Peritaje Psiqui\u00e1trico Determina que la Acusada es Imputable"},"content":{"rendered":"<p><img decoding=\"async\" src=\"https:\/\/diariod3.com\/wp-content\/uploads\/2024\/01\/Bubica.png\"\/><\/p>\n<p>Seg\u00fan fuentes judiciales, una psiquiatra examin\u00f3 a la acusada, identificada como Tejada, y determin\u00f3 que comprende la criminalidad de sus actos. Este hallazgo representa un paso importante en el curso de la investigaci\u00f3n, que contin\u00faa su curso normal.<\/p>\n<p>Es relevante destacar que, en diciembre anterior, Tejada fue sobrese\u00edda en una causa por robo debido a ser considerada inimputable, atribuy\u00e9ndose su comportamiento a un trastorno de conducta vinculado al consumo de drogas. Este diagn\u00f3stico condujo a su internaci\u00f3n en el hospital de Albard\u00f3n, de donde fue retirada por una persona a su cargo el 30 de diciembre.<\/p>\n<p>A pesar de que el informe hospitalario indicaba que la acusada estaba tratada y estabilizada al momento de ser externada, el crimen de B\u00fabica ocurri\u00f3 apenas cinco d\u00edas despu\u00e9s.<\/p>\n<p>En respuesta a estos eventos, el fiscal Iv\u00e1n Grassi, coordinador de la UFI Delitos Especiales, ha solicitado una nueva evaluaci\u00f3n psicol\u00f3gica y psiqui\u00e1trica a cargo del Poder Judicial, que analizar\u00e1 la documentaci\u00f3n existente y presentar\u00e1 un informe sobre la imputabilidad de Tejada. Adem\u00e1s, se espera el resultado de las pericias gen\u00e9ticas.<\/p>\n<p>Mientras tanto, la acusada permanecer\u00e1 en prisi\u00f3n preventiva por homicidio simple durante un plazo de seis meses, seg\u00fan lo dispuesto por el fiscal.<\/p>\n<p>Op: Juan Llarena<\/p>\n","protected":false},"excerpt":{"rendered":"<p>Seg\u00fan fuentes judiciales, una psiquiatra examin\u00f3 a la acusada, identificada como Tejada, y determin\u00f3 que comprende la criminalidad de sus actos. Este hallazgo representa un paso importante en el curso de la investigaci\u00f3n, que contin\u00faa su curso normal.<br \/>\n Es relevante destacar que, en diciembre anterior, Tejada fue sobrese\u00edda en una causa por robo debido a ser considerada inimputable, atribuy\u00e9ndose su comportamiento a un trastorno de conducta vinculado al consumo de drogas. Este diagn\u00f3stico condujo a su internaci\u00f3n en el hospital de Albard\u00f3n, de donde fue retirada por una persona a su cargo el 30 de diciembre.<br \/>\n A pesar de que el informe hospitalario indicaba que la acusada estaba tratada y estabilizada al momento de ser externada, el crimen de B\u00fabica ocurri\u00f3 apenas cinco d\u00edas despu\u00e9s.<br \/>\n En respuesta a estos eventos, el fiscal Iv\u00e1n Grassi, coordinador de la UFI Delitos Especiales, ha solicitado una nueva evaluaci\u00f3n psicol\u00f3gica y psiqui\u00e1trica a cargo del Poder Judicial, que analizar\u00e1 la docu..<\/p>\n","protected":false},"author":2,"featured_media":16406,"comment_status":"","ping_status":"","sticky":false,"template":"","format":"standard","meta":{"footnotes":""},"categories":[8],"tags":[],"_links":{"self":[{"href":"https:\/\/maxradio923.com.ar\/index.php\/wp-json\/wp\/v2\/posts\/16405"}],"collection":[{"href":"https:\/\/maxradio923.com.ar\/index.php\/wp-json\/wp\/v2\/posts"}],"about":[{"href":"https:\/\/maxradio923.com.ar\/index.php\/wp-json\/wp\/v2\/types\/post"}],"author":[{"embeddable":true,"href":"https:\/\/maxradio923.com.ar\/index.php\/wp-json\/wp\/v2\/users\/2"}],"replies":[{"embeddable":true,"href":"https:\/\/maxradio923.com.ar\/index.php\/wp-json\/wp\/v2\/comments?post=16405"}],"version-history":[{"count":0,"href":"https:\/\/maxradio923.com.ar\/index.php\/wp-json\/wp\/v2\/posts\/16405\/revisions"}],"wp:featuredmedia":[{"embeddable":true,"href":"https:\/\/maxradio923.com.ar\/index.php\/wp-json\/wp\/v2\/media\/16406"}],"wp:attachment":[{"href":"https:\/\/maxradio923.com.ar\/index.php\/wp-json\/wp\/v2\/media?parent=16405"}],"wp:term":[{"taxonomy":"category","embeddable":true,"href":"https:\/\/maxradio923.com.ar\/index.php\/wp-json\/wp\/v2\/categories?post=16405"},{"taxonomy":"post_tag","embeddable":true,"href":"https:\/\/maxradio923.com.ar\/index.php\/wp-json\/wp\/v2\/tags?post=16405"}],"curies":[{"name":"wp","href":"https:\/\/api.w.org\/{rel}","templated":true}]}}