{"id":16403,"date":"2024-01-16T11:34:01","date_gmt":"2024-01-16T14:34:01","guid":{"rendered":"https:\/\/maxradio923.com.ar\/index.php\/2024\/01\/16\/el-empobrecedor-maduro-confirma-que-vamos-bien-la-respuesta-de-milei-al-dictador-de-venezuela-que-lo-califico-como-un-error-fatal-en-la-historia\/"},"modified":"2024-01-16T11:34:01","modified_gmt":"2024-01-16T14:34:01","slug":"el-empobrecedor-maduro-confirma-que-vamos-bien-la-respuesta-de-milei-al-dictador-de-venezuela-que-lo-califico-como-un-error-fatal-en-la-historia","status":"publish","type":"post","link":"https:\/\/maxradio923.com.ar\/index.php\/2024\/01\/16\/el-empobrecedor-maduro-confirma-que-vamos-bien-la-respuesta-de-milei-al-dictador-de-venezuela-que-lo-califico-como-un-error-fatal-en-la-historia\/","title":{"rendered":"\u201cEl empobrecedor Maduro confirma que vamos bien\u201d: la respuesta de Milei al dictador de Venezuela que lo calific\u00f3 como un \u201cerror fatal\u201d en la historia"},"content":{"rendered":"<p><img decoding=\"async\" src=\"https:\/\/diariod3.com\/wp-content\/uploads\/2024\/01\/327QM4OZ5BE6RDULIQELWDUVLE.jpg\"\/><\/p>\n<p>La llegada de Javier Milei a la Casa Rosada preanunciaba un reacomodamiento en las relaciones geopol\u00edticas, en especial en lo vinculado al r\u00e9gimen de Nicol\u00e1s Maduro que gobierna Venezuela. Y a poco m\u00e1s de un mes de la asunci\u00f3n del presidente argentino, ambos protagonizaron un duro enfrentamiento p\u00fablico.<\/p>\n<p>El fuego cruzado lo inici\u00f3 Maduro, quien el lunes calific\u00f3 a Milei como un \u201cerror fatal\u201d en la historia de su pa\u00eds y de Am\u00e9rica Latina, debido a sus pol\u00edticas econ\u00f3micas, especialmente por su idea de implementar una dr\u00e1stica reducci\u00f3n del Estado.<\/p>\n<p>\u201cNo aspiro a que rectifiques, pero s\u00ed que te llegue este mensaje, de que est\u00e1s equivocado (\u2026) Eres un error en la historia de Am\u00e9rica Latina, Milei, un error fatal en la historia de Argentina\u201d, dijo Maduro durante su mensaje anual ante la Asamblea Nacional (AN, Parlamento), en Caracas.<\/p>\n<p>El mensaje lleg\u00f3, y Milei no dud\u00f3 un instante en responderle al bolivariano: \u201cNo esperaba SEMEJANTE ELOGIO\u2026!!!\u201d, poste\u00f3 esta ma\u00f1ana minutos despu\u00e9s de arribar a Frankfurt (Alemania), donde hizo escala en su viaje a Davos. \u201cEl socialista empobrecedor de Maduro diciendo que soy un error hist\u00f3rico en Am\u00e9rica Latina confirma que vamos por el buen camino\u2026!!!\u201d, remat\u00f3 mientra esperaba el vuelo que lo llevar\u00eda a Zurich (Suiza)<\/p>\n<p>El Presidente argentino se prepara para participar del Foro Econ\u00f3mico Mundial de Davos, donde -seg\u00fan expres\u00f3 en di\u00e1logo con Infobae\u2013 se propone \u201cplantar las ideas de la libertad en un foro que est\u00e1 contaminado de la agenda socialista 2030 y que lo \u00fanico que va a traer es miseria al mundo\u201d.<\/p>\n<p>En su primer viaje oficial como jefe de Estado, Milei est\u00e1 acompa\u00f1ado por una comitiva reducida que integran la canciller Diana Mondino, la secretaria General de la Presidencia, Karina Milei, el jefe de Gabinete, Nicol\u00e1s Posse y el ministro de Econom\u00eda, Luis Caputo. Esto fue destacado por el propio mandatario, quien resalt\u00f3 que viajar en un avi\u00f3n de l\u00ednea \u201cha permitido ahorrar unos USD 392.000\u2026 Este dinero surge del esfuerzo de los argentinos y es un deber moral cuidar el mango hasta en los detalles m\u00e1s peque\u00f1os\u2026 Si cuidamos las monedas los pesos se cuidan solos\u2026\u201d,<\/p>\n<h2>El ataque de Maduro<\/h2>\n<p>El jefe del r\u00e9gimen chavista critic\u00f3 que Milei, en el poder desde el 10 de diciembre pasado, haya eliminado varios ministerios con la creencia de que \u201cachicando el Estado nacer\u00e1 por generaci\u00f3n espont\u00e1nea la prosperidad\u201d.<\/p>\n<p>\u201cEst\u00e1s equivocado, Milei (\u2026) a ti que te pusieron en Argentina para destruir el Estado de derecho, para destruir el Estado, para destruir todos los derechos sociales, laborales, para destruir la econom\u00eda nacional y para colonizar a la Argentina y entregarla de rodillas al imperialismo norteamericano\u201d, sostuvo.<\/p>\n<p>Maduro insisti\u00f3 en que la l\u00ednea marcada por su par argentino \u201cno es el camino\u201d a seguir y que, en cambio, en Venezuela seguir\u00e1 \u201cdefendiendo la necesidad de un poderoso Estado social, de justicia y de derecho\u201d.<\/p>\n<p>El ascenso de Milei al poder signific\u00f3 una fractura ideol\u00f3gica en las relaciones entre Caracas y Buenos Aires, que vivieron tensiones durante la Presidencia de Mauricio Macri (2015-2019), las cuales volvieron a normalizarse durante el mandato de Alberto Fern\u00e1ndez, que acaba de terminar.<\/p>\n<p>En varias ocasiones, Maduro ha denunciado que Milei quiere convertir a Argentina en una \u201ccolonia del capital extranjero\u201d y \u201csometer al pueblo a paquetes neoliberales\u201d.<\/p>\n<h2>Asesor\u00eda venezolana<\/h2>\n<p>Durante su balance de gesti\u00f3n anual ante el Parlamento, Maduro ofreci\u00f3 a al presidente de Ecuador, Daniel Noboa, asesor\u00eda en materia penitenciaria para controlar la ola de violencia desatada en esa naci\u00f3n, que declar\u00f3 la existencia de un \u201cconflicto armado interno\u201d tras enfrentamientos con grupos irregulares en las prisiones y en algunas zonas.<\/p>\n<p>\u201cPresidente Noboa, si quiere tener un sistema de seguridad y un sistema penitenciario, b\u00fasquenos a nosotros, no busque al Comando Sur. El Comando Sur (de Estados Unidos) lo que va a hacer es intervencionismo, colonialismo\u201d, sugiri\u00f3 el jefe del r\u00e9gimen durante su mensaje anual.<\/p>\n<p>Maduro asegur\u00f3 que \u201ccrear caos en los pa\u00edses\u201d de la regi\u00f3n, usando a grupos criminales, es una \u201cnueva estrategia\u201d con la que Estados Unidos pretende \u201cocupar con el Comando Sur\u201d estos territorios.<\/p>\n<p>A su juicio, cualquier pretensi\u00f3n de instalar bases militares del pa\u00eds norteamericano en Latinoam\u00e9rica representa una violaci\u00f3n a la soberan\u00eda regional y \u201cun error hist\u00f3rico\u201d, pues \u201cno soluciona el problema\u201d.<\/p>\n<p>Fuente: Infobae<\/p>\n<p>Op: Rivero Cecilia<\/p>\n","protected":false},"excerpt":{"rendered":"<p>La llegada de Javier Milei a la Casa Rosada preanunciaba un reacomodamiento en las relaciones geopol\u00edticas, en especial en lo vinculado al r\u00e9gimen de Nicol\u00e1s Maduro que gobierna Venezuela. Y a poco m\u00e1s de un mes de la asunci\u00f3n del presidente argentino, ambos protagonizaron un duro enfrentamiento p\u00fablico.<\/p>\n<p>El fuego cruzado lo inici\u00f3 Maduro, quien el lunes calific\u00f3 a Milei como un \u201cerror fatal\u201d en la historia de su pa\u00eds y de Am\u00e9rica Latina, debido a sus pol\u00edticas econ\u00f3micas, especialmente por su idea de implementar una dr\u00e1stica reducci\u00f3n del Estado.<\/p>\n<p>\u201cNo aspiro a que rectifiques, pero s\u00ed que te llegue este mensaje, de que est\u00e1s equivocado (\u2026) Eres un error en la historia de Am\u00e9rica Latina, Milei, un error fatal en la historia de Argentina\u201d, dijo Maduro durante su mensaje anual ante la Asamblea Nacional (AN, Parlamento), en Caracas.<\/p>\n<p>El mensaje lleg\u00f3, y Milei no dud\u00f3 un instante en responderle al bolivariano: \u201cNo esperaba SEMEJANTE ELOGIO\u2026!!!\u201d, poste\u00f3 esta ma\u00f1ana minutos despu\u00e9s de arriba..<\/p>\n","protected":false},"author":2,"featured_media":16404,"comment_status":"","ping_status":"","sticky":false,"template":"","format":"standard","meta":{"footnotes":""},"categories":[12],"tags":[],"_links":{"self":[{"href":"https:\/\/maxradio923.com.ar\/index.php\/wp-json\/wp\/v2\/posts\/16403"}],"collection":[{"href":"https:\/\/maxradio923.com.ar\/index.php\/wp-json\/wp\/v2\/posts"}],"about":[{"href":"https:\/\/maxradio923.com.ar\/index.php\/wp-json\/wp\/v2\/types\/post"}],"author":[{"embeddable":true,"href":"https:\/\/maxradio923.com.ar\/index.php\/wp-json\/wp\/v2\/users\/2"}],"replies":[{"embeddable":true,"href":"https:\/\/maxradio923.com.ar\/index.php\/wp-json\/wp\/v2\/comments?post=16403"}],"version-history":[{"count":0,"href":"https:\/\/maxradio923.com.ar\/index.php\/wp-json\/wp\/v2\/posts\/16403\/revisions"}],"wp:featuredmedia":[{"embeddable":true,"href":"https:\/\/maxradio923.com.ar\/index.php\/wp-json\/wp\/v2\/media\/16404"}],"wp:attachment":[{"href":"https:\/\/maxradio923.com.ar\/index.php\/wp-json\/wp\/v2\/media?parent=16403"}],"wp:term":[{"taxonomy":"category","embeddable":true,"href":"https:\/\/maxradio923.com.ar\/index.php\/wp-json\/wp\/v2\/categories?post=16403"},{"taxonomy":"post_tag","embeddable":true,"href":"https:\/\/maxradio923.com.ar\/index.php\/wp-json\/wp\/v2\/tags?post=16403"}],"curies":[{"name":"wp","href":"https:\/\/api.w.org\/{rel}","templated":true}]}}