{"id":16357,"date":"2024-01-15T19:25:34","date_gmt":"2024-01-15T22:25:34","guid":{"rendered":"https:\/\/maxradio923.com.ar\/index.php\/2024\/01\/15\/hamas-anuncio-la-muerte-de-dos-rehenes-israelies\/"},"modified":"2024-01-15T19:25:34","modified_gmt":"2024-01-15T22:25:34","slug":"hamas-anuncio-la-muerte-de-dos-rehenes-israelies","status":"publish","type":"post","link":"https:\/\/maxradio923.com.ar\/index.php\/2024\/01\/15\/hamas-anuncio-la-muerte-de-dos-rehenes-israelies\/","title":{"rendered":"Ham\u00e1s anunci\u00f3 la muerte de dos rehenes israel\u00edes"},"content":{"rendered":"<p><img decoding=\"async\" alt=\"-FOTODELD\u00cdA- CIUDAD DE GAZA (-), 15\/01\/2024.-  Una columna de humo tras un ataque a\u00e9reo israel\u00ed en el sur de Ciudad de Gaza, este lunes. M\u00e1s de 24.000 palestinos y al menos 1.300 israel\u00edes han muerto, seg\u00fan datos de ambas partes, desde que Hamas lanzara un ataque terrorista en territorio de Israel el pasado 7 de octubre, lo que provoc\u00f3 el inicio de operaciones militares israel\u00eds en Gaza y Cisjordania. EFE\/MOHAMMED SABER\" src=\"https:\/\/www.clarin.com\/img\/2024\/01\/15\/WbS_-X-Pb_720x0__1.jpg\"\/>-FOTODELD\u00cdA- CIUDAD DE GAZA (-), 15\/01\/2024.-  Una columna de humo tras un ataque a\u00e9reo israel\u00ed en el sur de Ciudad de Gaza, este lunes. M\u00e1s de 24.000 palestinos y al menos 1.300 israel\u00edes han muerto, seg\u00fan datos de ambas partes, desde que Hamas lanzara un ataque terrorista en territorio de Israel el pasado 7 de octubre, lo que provoc\u00f3 el inicio de operaciones militares israel\u00eds en Gaza y Cisjordania. EFE\/MOHAMMED SABER<\/p>\n","protected":false},"excerpt":{"rendered":"<p>-FOTODELD\u00cdA- CIUDAD DE GAZA (-), 15\/01\/2024.- Una columna de humo tras un ataque a\u00e9reo israel\u00ed en el sur de Ciudad de Gaza, este lunes. M\u00e1s de 24.000 palestinos y al menos 1.300 israel\u00edes han muerto, seg\u00fan datos de ambas partes, desde que Hamas lanzara un ataque terrorista en territorio de Israel el pasado 7 de octubre, lo que provoc\u00f3 el inicio de operaciones militares israel\u00eds en Gaza y Cisjordania. EFE\/MOHAMMED SABER<\/p>\n","protected":false},"author":2,"featured_media":16358,"comment_status":"","ping_status":"","sticky":false,"template":"","format":"standard","meta":{"footnotes":""},"categories":[3],"tags":[],"_links":{"self":[{"href":"https:\/\/maxradio923.com.ar\/index.php\/wp-json\/wp\/v2\/posts\/16357"}],"collection":[{"href":"https:\/\/maxradio923.com.ar\/index.php\/wp-json\/wp\/v2\/posts"}],"about":[{"href":"https:\/\/maxradio923.com.ar\/index.php\/wp-json\/wp\/v2\/types\/post"}],"author":[{"embeddable":true,"href":"https:\/\/maxradio923.com.ar\/index.php\/wp-json\/wp\/v2\/users\/2"}],"replies":[{"embeddable":true,"href":"https:\/\/maxradio923.com.ar\/index.php\/wp-json\/wp\/v2\/comments?post=16357"}],"version-history":[{"count":0,"href":"https:\/\/maxradio923.com.ar\/index.php\/wp-json\/wp\/v2\/posts\/16357\/revisions"}],"wp:featuredmedia":[{"embeddable":true,"href":"https:\/\/maxradio923.com.ar\/index.php\/wp-json\/wp\/v2\/media\/16358"}],"wp:attachment":[{"href":"https:\/\/maxradio923.com.ar\/index.php\/wp-json\/wp\/v2\/media?parent=16357"}],"wp:term":[{"taxonomy":"category","embeddable":true,"href":"https:\/\/maxradio923.com.ar\/index.php\/wp-json\/wp\/v2\/categories?post=16357"},{"taxonomy":"post_tag","embeddable":true,"href":"https:\/\/maxradio923.com.ar\/index.php\/wp-json\/wp\/v2\/tags?post=16357"}],"curies":[{"name":"wp","href":"https:\/\/api.w.org\/{rel}","templated":true}]}}