{"id":16345,"date":"2024-01-15T19:24:15","date_gmt":"2024-01-15T22:24:15","guid":{"rendered":"https:\/\/maxradio923.com.ar\/index.php\/2024\/01\/15\/victoria-villarruel-hablo-de-la-polemica-frase-de-peteco-carabal-cuando-ella-ingreso-al-festival-de-jesus-maria-me-parecio-gracioso\/"},"modified":"2024-01-15T19:24:15","modified_gmt":"2024-01-15T22:24:15","slug":"victoria-villarruel-hablo-de-la-polemica-frase-de-peteco-carabal-cuando-ella-ingreso-al-festival-de-jesus-maria-me-parecio-gracioso","status":"publish","type":"post","link":"https:\/\/maxradio923.com.ar\/index.php\/2024\/01\/15\/victoria-villarruel-hablo-de-la-polemica-frase-de-peteco-carabal-cuando-ella-ingreso-al-festival-de-jesus-maria-me-parecio-gracioso\/","title":{"rendered":"Victoria Villarruel habl\u00f3 de la pol\u00e9mica frase de Peteco Carabal cuando ella ingres\u00f3 al festival de Jes\u00fas Mar\u00eda: &#8220;Me pareci\u00f3 gracioso&#8221;"},"content":{"rendered":"<ul>\n<li>Durante su show del s\u00e1bado pasado, el m\u00fasico hab\u00eda instado a los asistentes a no pararse ante la llegada de la vicepresidenta.<\/li>\n<li>En declaraciones a Canal 12 de C\u00f3rdoba, Villarruel busc\u00f3 bajarle el tono a la situaci\u00f3n.<\/li>\n<\/ul>\n","protected":false},"excerpt":{"rendered":"<p>Durante su show del s\u00e1bado pasado, el m\u00fasico hab\u00eda instado a los asistentes a no pararse ante la llegada de la vicepresidenta.En declaraciones a Canal 12 de C\u00f3rdoba, Villarruel busc\u00f3 bajarle el tono a la situaci\u00f3n.<\/p>\n","protected":false},"author":2,"featured_media":16346,"comment_status":"","ping_status":"","sticky":false,"template":"","format":"standard","meta":{"footnotes":""},"categories":[7],"tags":[],"_links":{"self":[{"href":"https:\/\/maxradio923.com.ar\/index.php\/wp-json\/wp\/v2\/posts\/16345"}],"collection":[{"href":"https:\/\/maxradio923.com.ar\/index.php\/wp-json\/wp\/v2\/posts"}],"about":[{"href":"https:\/\/maxradio923.com.ar\/index.php\/wp-json\/wp\/v2\/types\/post"}],"author":[{"embeddable":true,"href":"https:\/\/maxradio923.com.ar\/index.php\/wp-json\/wp\/v2\/users\/2"}],"replies":[{"embeddable":true,"href":"https:\/\/maxradio923.com.ar\/index.php\/wp-json\/wp\/v2\/comments?post=16345"}],"version-history":[{"count":0,"href":"https:\/\/maxradio923.com.ar\/index.php\/wp-json\/wp\/v2\/posts\/16345\/revisions"}],"wp:featuredmedia":[{"embeddable":true,"href":"https:\/\/maxradio923.com.ar\/index.php\/wp-json\/wp\/v2\/media\/16346"}],"wp:attachment":[{"href":"https:\/\/maxradio923.com.ar\/index.php\/wp-json\/wp\/v2\/media?parent=16345"}],"wp:term":[{"taxonomy":"category","embeddable":true,"href":"https:\/\/maxradio923.com.ar\/index.php\/wp-json\/wp\/v2\/categories?post=16345"},{"taxonomy":"post_tag","embeddable":true,"href":"https:\/\/maxradio923.com.ar\/index.php\/wp-json\/wp\/v2\/tags?post=16345"}],"curies":[{"name":"wp","href":"https:\/\/api.w.org\/{rel}","templated":true}]}}