{"id":16333,"date":"2024-01-15T19:22:50","date_gmt":"2024-01-15T22:22:50","guid":{"rendered":"https:\/\/maxradio923.com.ar\/index.php\/2024\/01\/15\/el-gobierno-nacional-analiza-descontar-el-dia-a-estatales-que-adhieran-al-paro\/"},"modified":"2024-01-15T19:34:04","modified_gmt":"2024-01-15T22:34:04","slug":"el-gobierno-nacional-analiza-descontar-el-dia-a-estatales-que-adhieran-al-paro","status":"publish","type":"post","link":"https:\/\/maxradio923.com.ar\/index.php\/2024\/01\/15\/el-gobierno-nacional-analiza-descontar-el-dia-a-estatales-que-adhieran-al-paro\/","title":{"rendered":"El Gobierno nacional analiza descontar el d\u00eda a estatales que adhieran al paro"},"content":{"rendered":"<p><img decoding=\"async\" src=\"https:\/\/diariod3.com\/wp-content\/uploads\/2023\/12\/Manuel-Adorni-Conferencia-de-Prensa-Foto-Captura-Video.jpg\"\/><\/p>\n<p>El vocero presidencial tambi\u00e9n destac\u00f3 la importancia que se apruebe \u00ablo antes posible y por el bien de todos\u00bb el proyecto de ley \u00abBases\u00bb, m\u00e1s all\u00e1 de la fecha de la medida de fuerza de la CGT.<\/p>\n<figure>\n<figure><img decoding=\"async\" src=\"https:\/\/www.diariodecuyo.com.ar\/__export\/1705336091444\/sites\/diariodecuyo\/img\/2024\/01\/15\/15-01-2024_el_presidente_javier_milei_se_crop1705336090155.jpg_1536916664.jpg\" alt=\"El Gobierno nacional analiza descontar el d\u00eda a estatales que adhieran al paro -\"\/><\/figure>\n<\/figure>\n<figure><img decoding=\"async\" src=\"https:\/\/www.diariodecuyo.com.ar\/export\/sites\/diariodecuyo\/arte\/ddc-small-logo.png_2114385448.png\" alt=\"Redacci\u00f3n Diario de Cuyo\"\/><\/figure>\n<p>Por:<br \/>Redacci\u00f3n Diario De Cuyo<\/p>\n<p>El Gobierno reiter\u00f3 hoy que quiere que el mega paquete de la ley de \u00abBases\u00bb sea aprobado \u00ablo antes posible por el bien de todos\u00bb y aclar\u00f3 que ese prop\u00f3sito es \u00abindependientemente de la fecha del paro\u00bb del 24 de enero, convocado por la Confederaci\u00f3n General del Trabajo (CGT).<\/p>\n<p>\u00abTenemos intenci\u00f3n de que efectivamente se debata en la C\u00e1mara de Diputados lo antes posible\u00bb, dijo el vocero presidencial, Manuel Adorni, ante la consulta de T\u00e9lam en la conferencia de prensa ofrecida en la Casa de Gobierno.<\/p>\n<p>Y ampli\u00f3 que \u00absi es esta semana bienvenido sea, independientemente de la fecha del paro\u00bb de la CGT en contra del DNU de desregulaci\u00f3n econ\u00f3mica.<\/p>\n<p>\u00abEse es un dato que est\u00e1 determinado y la sesi\u00f3n depende de variables que no manejamos nosotros, as\u00ed que no sabemos el d\u00eda que se va a dar ese debate\u00bb, grafic\u00f3, pero manifest\u00f3: \u00abEsperemos que sea lo antes posible por el  bien de todos\u00bb, insisti\u00f3 el vocero presidencial.<\/p>\n<p>Adem\u00e1s, ante otra pregunta de T\u00e9lam, confirm\u00f3 que el Gobierno \u00abanaliza como una posibilidad cierta\u00bb descontar el d\u00eda a los trabajadores estatales que se sumen al paro nacional que la CGT realizar\u00e1 el 24 de enero desde las 12.<\/p>\n<p>\u00abLo estamos analizando como una posibilidad cierta\u00bb, expres\u00f3 a esta agencia.<\/p>\n<p>Por otra parte, Adorni celebr\u00f3 que el Papa Francisco haya declarado el fin de semana que analiza viajar a la Argentina en el segundo semestre del a\u00f1o pr\u00f3ximo.<\/p>\n<p>\u00abNos alegra que despu\u00e9s de 11 a\u00f1os de papado que el Sumo Pont\u00edfice haya expresado su intenci\u00f3n de venir a la Argentina, as\u00ed que por supuesto ser\u00e1 recibido con los brazos abiertos\u00bb, indic\u00f3.<\/p>\n<p>Tambi\u00e9n ratific\u00f3 que el presidente Javier Milei viajar\u00e1 a las 17.50 hacia Davos, Suiza, para exponer el mi\u00e9rcoles en el Foro Econ\u00f3mico Mundial.<\/p>\n<p>Al respecto, sostuvo que luego de la exposici\u00f3n de Milei habr\u00e1 una audiencia con la directora gerente del Fondo Monetario Internacional, Kristalina Ivanova Georgieva.<\/p>\n<p>Adorni dijo que el Gobierno \u00abcelebra el inter\u00e9s que est\u00e1 generando en las potencias del mundo este nuevo gobierno argentino que entienden  que volvimos a abrazar las ideas de la libertad y respetar el sistema capitalista\u00bb.<\/p>\n<p>En tanto, acerca de la reuni\u00f3n de Gabinete de ayer en Olivos, explic\u00f3 que est\u00e1n \u00absatisfechos de que en la quinta de Olivos se vuelva a utilizar para trabajar y uno de los temas fue repasar el balance del primer mes de gobierno de las 1.040 medidas que impulsamos en gesti\u00f3n y tambi\u00e9n analizamos el avance en el plano legislativo de la ley de \u2018Bases&#039;\u00bb.<\/p>\n<p>Respecto del enfrentamiento de ayer en La Matanza, en el que hubo cinco muertos, Adorni consider\u00f3 que es un \u00abtema estrictamente provincial que ata\u00f1e a las autoridades de la provincia de Buenos Aires<\/p>\n<p>\u00abPor supuesto -prosigui\u00f3- que nos parece un hecho penoso y lamentable, y estamos consternados por la cantidad  de muertos y heridos que ocurrieron. Evidentemente el Estado tan Estado tan presente no est\u00e1 en esos lugares. Han hecho tanta publicidad del Estado presente y de repente vemos gente mat\u00e1ndose en este caso por lograr un pedazo de tierra en La Matanza\u00bb, advirti\u00f3.<\/p>\n<p>Por eso insisti\u00f3 en que \u00abnos parece todo un hecho lamentable y el contexto en el cual ocurre nos parece tan lamentable como el hecho mismo\u00bb.<\/p>\n<p>Acerca de expresiones del jefe de la bancada radical de la C\u00e1mara de Diputados, Rodrigo De Loredo, quien hab\u00eda apuntado que \u00abno se va a amedrentar el comportamiento\u00bb de la UCR \u00abpese a los sistem\u00e1ticos agravios\u00bb, Adorni expres\u00f3 que le \u00abllama la atenci\u00f3n\u00bb y sobre las relaci\u00f3n con los gobernadores la calific\u00f3 de \u00abexcelente\u00bb.<\/p>\n","protected":false},"excerpt":{"rendered":"<p>El vocero presidencial tambi\u00e9n destac\u00f3 la importancia que se apruebe \u00ablo antes posible y por el bien de todos\u00bb el proyecto de ley \u00abBases\u00bb, m\u00e1s all\u00e1 de la fecha de la medida de fuerza de la CGT.<\/p>\n<p>Por:<br \/>\nRedacci\u00f3n Diario De Cuyo<\/p>\n<p>El Gobierno reiter\u00f3 hoy que quiere que el mega paquete de la ley de \u00abBases\u00bb sea aprobado \u00ablo antes posible por el bien de todos\u00bb y aclar\u00f3 que ese prop\u00f3sito es \u00abindependientemente de la fecha del paro\u00bb del 24 de enero, convocado por la Confederaci\u00f3n General del Trabajo (CGT).<\/p>\n<p>\u00abTenemos intenci\u00f3n de que efectivamente se debata en la C\u00e1mara de Diputados lo antes posible\u00bb, dijo el vocero presidencial, Manuel Adorni, ante la consulta de T\u00e9lam en la conferencia de prensa ofrecida en la Casa de Gobierno.<\/p>\n<p>Y ampli\u00f3 que \u00absi es esta semana bienvenido sea, independientemente de la fecha del paro\u00bb de la CGT en contra del DNU de desregulaci\u00f3n econ\u00f3mica.<\/p>\n<p>\u00abEse es un dato que est\u00e1 determinado y la sesi\u00f3n depende de variables que no manejamos nosotros, as\u00ed que no sabemos el d\u00eda q..<\/p>\n","protected":false},"author":2,"featured_media":16374,"comment_status":"closed","ping_status":"","sticky":false,"template":"","format":"standard","meta":{"footnotes":""},"categories":[12],"tags":[],"_links":{"self":[{"href":"https:\/\/maxradio923.com.ar\/index.php\/wp-json\/wp\/v2\/posts\/16333"}],"collection":[{"href":"https:\/\/maxradio923.com.ar\/index.php\/wp-json\/wp\/v2\/posts"}],"about":[{"href":"https:\/\/maxradio923.com.ar\/index.php\/wp-json\/wp\/v2\/types\/post"}],"author":[{"embeddable":true,"href":"https:\/\/maxradio923.com.ar\/index.php\/wp-json\/wp\/v2\/users\/2"}],"replies":[{"embeddable":true,"href":"https:\/\/maxradio923.com.ar\/index.php\/wp-json\/wp\/v2\/comments?post=16333"}],"version-history":[{"count":1,"href":"https:\/\/maxradio923.com.ar\/index.php\/wp-json\/wp\/v2\/posts\/16333\/revisions"}],"predecessor-version":[{"id":16373,"href":"https:\/\/maxradio923.com.ar\/index.php\/wp-json\/wp\/v2\/posts\/16333\/revisions\/16373"}],"wp:featuredmedia":[{"embeddable":true,"href":"https:\/\/maxradio923.com.ar\/index.php\/wp-json\/wp\/v2\/media\/16374"}],"wp:attachment":[{"href":"https:\/\/maxradio923.com.ar\/index.php\/wp-json\/wp\/v2\/media?parent=16333"}],"wp:term":[{"taxonomy":"category","embeddable":true,"href":"https:\/\/maxradio923.com.ar\/index.php\/wp-json\/wp\/v2\/categories?post=16333"},{"taxonomy":"post_tag","embeddable":true,"href":"https:\/\/maxradio923.com.ar\/index.php\/wp-json\/wp\/v2\/tags?post=16333"}],"curies":[{"name":"wp","href":"https:\/\/api.w.org\/{rel}","templated":true}]}}