{"id":16327,"date":"2024-01-15T19:21:52","date_gmt":"2024-01-15T22:21:52","guid":{"rendered":"https:\/\/maxradio923.com.ar\/index.php\/2024\/01\/15\/las-tosqueras-la-inhospita-zona-donde-venden-terrenos-y-los-vecinos-callan-la-masacre\/"},"modified":"2024-01-15T19:21:52","modified_gmt":"2024-01-15T22:21:52","slug":"las-tosqueras-la-inhospita-zona-donde-venden-terrenos-y-los-vecinos-callan-la-masacre","status":"publish","type":"post","link":"https:\/\/maxradio923.com.ar\/index.php\/2024\/01\/15\/las-tosqueras-la-inhospita-zona-donde-venden-terrenos-y-los-vecinos-callan-la-masacre\/","title":{"rendered":"&#8220;Las tosqueras&#8221;: la inh\u00f3spita zona donde venden terrenos y los vecinos callan la masacre"},"content":{"rendered":"<p><img decoding=\"async\" alt=\"El barrio donde fue la masacre de Gonz\u00e1lez Cat\u00e1n. Foto Luciano Thieberger\" src=\"https:\/\/www.clarin.com\/img\/2024\/01\/15\/AyUFq634D_720x0__1.jpg\"\/>El barrio donde fue la masacre de Gonz\u00e1lez Cat\u00e1n. Foto Luciano Thieberger<img decoding=\"async\" alt=\"El barrio donde fue la masacre de Gonz\u00e1lez Cat\u00e1n. Foto Luciano Thieberger\" src=\"https:\/\/www.clarin.com\/img\/2024\/01\/15\/3JaFTnoEm_720x0__1.jpg\"\/>El barrio donde fue la masacre de Gonz\u00e1lez Cat\u00e1n. Foto Luciano Thieberger<img decoding=\"async\" alt=\"El barrio donde fue la masacre de Gonz\u00e1lez Cat\u00e1n. Foto Luciano Thieberger\" src=\"https:\/\/www.clarin.com\/img\/2024\/01\/15\/y9c4xJ0a5_720x0__1.jpg\"\/>El barrio donde fue la masacre de Gonz\u00e1lez Cat\u00e1n. Foto Luciano Thieberger<img decoding=\"async\" alt=\"Una casa en construcci\u00f3n en el barrio. Foto Luciano Thieberger\" src=\"https:\/\/www.clarin.com\/img\/2024\/01\/15\/-U5cGusVd_720x0__1.jpg\"\/>Una casa en construcci\u00f3n en el barrio. Foto Luciano Thieberger<img decoding=\"async\" alt=\"Un patrullero buscando el lugar donde fue la masacre de Gonz\u00e1lez Cat\u00e1n. Foto Luciano Thieberger\" src=\"https:\/\/www.clarin.com\/img\/2024\/01\/15\/5xZkSK2yD_720x0__1.jpg\"\/>Un patrullero buscando el lugar donde fue la masacre de Gonz\u00e1lez Cat\u00e1n. Foto Luciano Thieberger<\/p>\n","protected":false},"excerpt":{"rendered":"<p>El barrio donde fue la masacre de Gonz\u00e1lez Cat\u00e1n. Foto Luciano ThiebergerEl barrio donde fue la masacre de Gonz\u00e1lez Cat\u00e1n. Foto Luciano ThiebergerEl barrio donde fue la masacre de Gonz\u00e1lez Cat\u00e1n. Foto Luciano ThiebergerUna casa en construcci\u00f3n en el barrio. Foto Luciano ThiebergerUn patrullero buscando el lugar donde fue la masacre de Gonz\u00e1lez Cat\u00e1n. Foto Luciano Thieberger<\/p>\n","protected":false},"author":2,"featured_media":16328,"comment_status":"","ping_status":"","sticky":false,"template":"","format":"standard","meta":{"footnotes":""},"categories":[6],"tags":[],"_links":{"self":[{"href":"https:\/\/maxradio923.com.ar\/index.php\/wp-json\/wp\/v2\/posts\/16327"}],"collection":[{"href":"https:\/\/maxradio923.com.ar\/index.php\/wp-json\/wp\/v2\/posts"}],"about":[{"href":"https:\/\/maxradio923.com.ar\/index.php\/wp-json\/wp\/v2\/types\/post"}],"author":[{"embeddable":true,"href":"https:\/\/maxradio923.com.ar\/index.php\/wp-json\/wp\/v2\/users\/2"}],"replies":[{"embeddable":true,"href":"https:\/\/maxradio923.com.ar\/index.php\/wp-json\/wp\/v2\/comments?post=16327"}],"version-history":[{"count":0,"href":"https:\/\/maxradio923.com.ar\/index.php\/wp-json\/wp\/v2\/posts\/16327\/revisions"}],"wp:featuredmedia":[{"embeddable":true,"href":"https:\/\/maxradio923.com.ar\/index.php\/wp-json\/wp\/v2\/media\/16328"}],"wp:attachment":[{"href":"https:\/\/maxradio923.com.ar\/index.php\/wp-json\/wp\/v2\/media?parent=16327"}],"wp:term":[{"taxonomy":"category","embeddable":true,"href":"https:\/\/maxradio923.com.ar\/index.php\/wp-json\/wp\/v2\/categories?post=16327"},{"taxonomy":"post_tag","embeddable":true,"href":"https:\/\/maxradio923.com.ar\/index.php\/wp-json\/wp\/v2\/tags?post=16327"}],"curies":[{"name":"wp","href":"https:\/\/api.w.org\/{rel}","templated":true}]}}