{"id":16310,"date":"2024-01-13T11:26:42","date_gmt":"2024-01-13T14:26:42","guid":{"rendered":"https:\/\/maxradio923.com.ar\/index.php\/2024\/01\/13\/el-director-de-la-casa-de-san-juan-en-buenos-aires-recibio-a-asociacion-sarmientina\/"},"modified":"2024-01-13T11:26:42","modified_gmt":"2024-01-13T14:26:42","slug":"el-director-de-la-casa-de-san-juan-en-buenos-aires-recibio-a-asociacion-sarmientina","status":"publish","type":"post","link":"https:\/\/maxradio923.com.ar\/index.php\/2024\/01\/13\/el-director-de-la-casa-de-san-juan-en-buenos-aires-recibio-a-asociacion-sarmientina\/","title":{"rendered":"El director de la Casa de San Juan en Buenos Aires recibi\u00f3 a Asociaci\u00f3n Sarmientina"},"content":{"rendered":"<p><img decoding=\"async\" src=\"https:\/\/diariod3.com\/wp-content\/uploads\/2024\/01\/0d040a055035eb749e7e47ce689efeeb_L.jpg\"\/> Se trata de Eduardo Licciardi, quien estar\u00e1 al frente de la instituci\u00f3n durante esta gesti\u00f3n.        <img decoding=\"async\" src=\"https:\/\/sisanjuan.b-cdn.net\/media\/k2\/items\/cache\/0d040a055035eb749e7e47ce689efeeb_L.jpg\" alt=\"El director de la Casa de San Juan en Buenos Aires recibi\u00f3 a Asociaci\u00f3n Sarmientina\"\/>    <\/p>\n<p>Se llev\u00f3 adelante un encuentro bilateral entre los integrantes de la Asociaci\u00f3n Sarmientina de Buenos Aires y los de la Casa de San Juan, en la provincia de Buenos Aires, con el principal objetivo de presentar a Eduardo Licciardi, quien a partir de esta gesti\u00f3n ser\u00e1 el nuevo director de la Casa de San Juan.<\/p>\n<p>Adem\u00e1s, aprovecharon la instancia de reuni\u00f3n para plantear los objetivos espec\u00edficos de trabajo para el 2024 y manifestaron el deseo de planificar m\u00e1s proyectos en conjunto a futuro.<\/p>\n<p>Sus autoridades se re\u00fanen mensualmente de marzo a noviembre en la Casa de San Juan, con motivo de planear eventos y actividades referidas a Sarmiento. Un ejemplo de ello es el acto planificado para el 15 de febrero en el Monumento a Sarmiento, en Palermo, en alusi\u00f3n a la fecha en la que cumplir\u00eda a\u00f1os el pr\u00f3cer o el acto del 11 de septiembre desde el mausoleo donde descansan sus restos, en el interior del Cementerio de Recoleta.<\/p>\n<h3> <strong>La Casa de San Juan en Buenos Aires<\/strong><\/h3>\n<p>La sede del gobierno provincial fue creada en 1948 para albergar reuniones y actos oficiales, promover la industria sanjuanina en el mercado nacional e internacional, difundir la agenda tur\u00edstica y cultural, brindar asistencia social y resolver tr\u00e1mites administrativos a los ciudadanos sanjuaninos que se encuentren en la Ciudad Aut\u00f3noma de Buenos Aires.<\/p>\n<p>Desde 1988 funciona en la casa donde vivi\u00f3 sus \u00faltimos a\u00f1os Domingo Faustino Sarmiento (entre 1875 y 1888). Por este motivo, fue declarado Monumento Hist\u00f3rico Nacional y actualmente cumple una funci\u00f3n fundamental en la difusi\u00f3n de la vida y obra del pr\u00f3cer sanjuanino.<\/p>\n","protected":false},"excerpt":{"rendered":"<p>Se trata de Eduardo Licciardi, quien estar\u00e1 al frente de la instituci\u00f3n durante esta gesti\u00f3n. Se llev\u00f3 adelante un encuentro bilateral entre los integrantes de la Asociaci\u00f3n Sarmientina de Buenos Aires y los de la Casa de San Juan, en la provincia de Buenos Aires, con el principal objetivo de presentar a Eduardo Licciardi, quien a partir de esta gesti\u00f3n ser\u00e1 el nuevo director de la Casa de San Juan.<br \/>\n Adem\u00e1s, aprovecharon la instancia de reuni\u00f3n para plantear los objetivos espec\u00edficos de trabajo para el 2024 y manifestaron el deseo de planificar m\u00e1s proyectos en conjunto a futuro.<br \/>\n Sus autoridades se re\u00fanen mensualmente de marzo a noviembre en la Casa de San Juan, con motivo de planear eventos y actividades referidas a Sarmiento. Un ejemplo de ello es el acto planificado para el 15 de febrero en el Monumento a Sarmiento, en Palermo, en alusi\u00f3n a la fecha en la que cumplir\u00eda a\u00f1os el pr\u00f3cer o el acto del 11 de septiembre desde el mausoleo donde descansan sus restos, en el interior del Cem..<\/p>\n","protected":false},"author":2,"featured_media":16311,"comment_status":"","ping_status":"","sticky":false,"template":"","format":"standard","meta":{"footnotes":""},"categories":[10],"tags":[],"_links":{"self":[{"href":"https:\/\/maxradio923.com.ar\/index.php\/wp-json\/wp\/v2\/posts\/16310"}],"collection":[{"href":"https:\/\/maxradio923.com.ar\/index.php\/wp-json\/wp\/v2\/posts"}],"about":[{"href":"https:\/\/maxradio923.com.ar\/index.php\/wp-json\/wp\/v2\/types\/post"}],"author":[{"embeddable":true,"href":"https:\/\/maxradio923.com.ar\/index.php\/wp-json\/wp\/v2\/users\/2"}],"replies":[{"embeddable":true,"href":"https:\/\/maxradio923.com.ar\/index.php\/wp-json\/wp\/v2\/comments?post=16310"}],"version-history":[{"count":0,"href":"https:\/\/maxradio923.com.ar\/index.php\/wp-json\/wp\/v2\/posts\/16310\/revisions"}],"wp:featuredmedia":[{"embeddable":true,"href":"https:\/\/maxradio923.com.ar\/index.php\/wp-json\/wp\/v2\/media\/16311"}],"wp:attachment":[{"href":"https:\/\/maxradio923.com.ar\/index.php\/wp-json\/wp\/v2\/media?parent=16310"}],"wp:term":[{"taxonomy":"category","embeddable":true,"href":"https:\/\/maxradio923.com.ar\/index.php\/wp-json\/wp\/v2\/categories?post=16310"},{"taxonomy":"post_tag","embeddable":true,"href":"https:\/\/maxradio923.com.ar\/index.php\/wp-json\/wp\/v2\/tags?post=16310"}],"curies":[{"name":"wp","href":"https:\/\/api.w.org\/{rel}","templated":true}]}}