{"id":16308,"date":"2024-01-13T11:26:41","date_gmt":"2024-01-13T14:26:41","guid":{"rendered":"https:\/\/maxradio923.com.ar\/index.php\/2024\/01\/13\/iglesia-jachal-calingasta-y-san-martin-ponen-musica-y-tradicion-en-sus-festivales\/"},"modified":"2024-01-13T11:26:41","modified_gmt":"2024-01-13T14:26:41","slug":"iglesia-jachal-calingasta-y-san-martin-ponen-musica-y-tradicion-en-sus-festivales","status":"publish","type":"post","link":"https:\/\/maxradio923.com.ar\/index.php\/2024\/01\/13\/iglesia-jachal-calingasta-y-san-martin-ponen-musica-y-tradicion-en-sus-festivales\/","title":{"rendered":"Iglesia, J\u00e1chal, Calingasta y San Mart\u00edn ponen m\u00fasica y tradici\u00f3n en sus festivales"},"content":{"rendered":"<p><img decoding=\"async\" src=\"https:\/\/diariod3.com\/wp-content\/uploads\/2024\/01\/8c92ddd725dbc2ea253ef3728bac27ef_L.jpg\"\/> La Fiesta de la Semilla y la Manzana, la celebraci\u00f3n a Buenaventura Luna, las Pe\u00f1as familiares y la Fiesta del Ajo, invitan a celebrar el verano en la provincia.        <img decoding=\"async\" src=\"https:\/\/sisanjuan.b-cdn.net\/media\/k2\/items\/cache\/8c92ddd725dbc2ea253ef3728bac27ef_L.jpg\" alt=\"Iglesia, J\u00e1chal, Calingasta y San Mart\u00edn ponen m\u00fasica y tradici\u00f3n en sus festivales\"\/>    <\/p>\n<p>San Juan se prepara para recibir durante enero una serie de eventos que fusionan m\u00fasica, tradici\u00f3n y gastronom\u00eda. Entre las celebraciones destacadas se encuentran la Fiesta de la Semilla y la Manzana, la celebraci\u00f3n a Buenaventura Luna, las Pe\u00f1as Familiares y la Fiesta del Ajo, eventos que prometen ser un gran atractivo para turistas que visiten la provincia.<\/p>\n<p>La ya tradicional<strong> Fiesta Provincial de la Semilla y la Manzana<\/strong>, se realizar\u00e1n este 12 y 13 de enero en el Anfiteatro Los Manantiales, en Iglesia. Durante dos noches el p\u00fablico, podr\u00e1 disfrutar de delicias gastron\u00f3micas y bebidas regionales. Adem\u00e1s, de la presentaci\u00f3n de artistas locales y provinciales subir\u00e1n al escenario central la banda de cuarteto Q\u2019Lokura y el grupo folcl\u00f3rico Los Tekis. La venta de entradas ya est\u00e1 disponible tanto en delegaciones municipales como en l\u00ednea a trav\u00e9s de accessgo.com.ar. Los precios son de $2,000 para residentes y $5,000 para no residentes, mientras que los menores de 12 a\u00f1o no pagan.<\/p>\n<p>En San Mart\u00edn, las<strong> Pe\u00f1as Familiares<\/strong> en el Complejo Ceferino Namuncur\u00e1, es una cita obligada todos los s\u00e1bados de enero. A partir de las 21hs, artistas provinciales y locales dar\u00e1n vida a este espacio cultural y tur\u00edstico. La feria artesanal, emprendedores y variados espacios gastron\u00f3micos completar\u00e1n la oferta, asegurando una experiencia. La entrada a estas pe\u00f1as familiares es libre y gratuita, permitiendo que tanto residentes como visitantes disfruten de la cultura y artistas de San Mart\u00edn y sus alrededores.<\/p>\n<p>Para el 19 de enero, <strong>Huaco invita a todos a celebrar a Buenaventura Luna<\/strong> en el predio del Molino Viejo. Comidas t\u00edpicas, danza, grupos locales, entre otros, como Los Lucero de J\u00e1chal, Eli Dom\u00ednguez, Laura Castro, D\u00fao S\u00e1nchez-Cabanay, D\u00fao P\u00e1ez-Brizuela ser\u00e1n parte de un gran repertorio de artistas que subir\u00e1n a escena y cuyo espect\u00e1culo central estar\u00e1 a cargo de Algarroba.com. La entrada es libre y gratuita.<\/p>\n<p>Calingasta, tambi\u00e9n est\u00e1 de festejo, el 19 y 20 de enero, en el Anfiteatro \u201cLa Ermita\u201d, se vivir\u00e1 la <strong>Fiesta del Ajo<\/strong>. Dos noches a puro folclore con presentaciones locales y nacionales como Carperos de Tucum\u00e1n, ranchos t\u00edpicos y un espacio para disfrutar de enero en San Juan.<\/p>\n<p>San Juan se viste de fiesta y se convierte en el destino ideal para quienes buscan vivir momentos inolvidables, entre m\u00fasica, tradici\u00f3n y exquisitos sabores. No te pierdas estas imperdibles celebraciones que prometen llenar de alegr\u00eda el verano sanjuanino.<\/p>\n","protected":false},"excerpt":{"rendered":"<p>La Fiesta de la Semilla y la Manzana, la celebraci\u00f3n a Buenaventura Luna, las Pe\u00f1as familiares y la Fiesta del Ajo, invitan a celebrar el verano en la provincia. San Juan se prepara para recibir durante enero una serie de eventos que fusionan m\u00fasica, tradici\u00f3n y gastronom\u00eda. Entre las celebraciones destacadas se encuentran la Fiesta de la Semilla y la Manzana, la celebraci\u00f3n a Buenaventura Luna, las Pe\u00f1as Familiares y la Fiesta del Ajo, eventos que prometen ser un gran atractivo para turistas que visiten la provincia.<br \/>\n La ya tradicional Fiesta Provincial de la Semilla y la Manzana, se realizar\u00e1n este 12 y 13 de enero en el Anfiteatro Los Manantiales, en Iglesia. Durante dos noches el p\u00fablico, podr\u00e1 disfrutar de delicias gastron\u00f3micas y bebidas regionales. Adem\u00e1s, de la presentaci\u00f3n de artistas locales y provinciales subir\u00e1n al escenario central la banda de cuarteto Q\u2019Lokura y el grupo folcl\u00f3rico Los Tekis. La venta de entradas ya est\u00e1 disponible tanto en delegaciones municipales como e..<\/p>\n","protected":false},"author":2,"featured_media":16309,"comment_status":"","ping_status":"","sticky":false,"template":"","format":"standard","meta":{"footnotes":""},"categories":[10],"tags":[],"_links":{"self":[{"href":"https:\/\/maxradio923.com.ar\/index.php\/wp-json\/wp\/v2\/posts\/16308"}],"collection":[{"href":"https:\/\/maxradio923.com.ar\/index.php\/wp-json\/wp\/v2\/posts"}],"about":[{"href":"https:\/\/maxradio923.com.ar\/index.php\/wp-json\/wp\/v2\/types\/post"}],"author":[{"embeddable":true,"href":"https:\/\/maxradio923.com.ar\/index.php\/wp-json\/wp\/v2\/users\/2"}],"replies":[{"embeddable":true,"href":"https:\/\/maxradio923.com.ar\/index.php\/wp-json\/wp\/v2\/comments?post=16308"}],"version-history":[{"count":0,"href":"https:\/\/maxradio923.com.ar\/index.php\/wp-json\/wp\/v2\/posts\/16308\/revisions"}],"wp:featuredmedia":[{"embeddable":true,"href":"https:\/\/maxradio923.com.ar\/index.php\/wp-json\/wp\/v2\/media\/16309"}],"wp:attachment":[{"href":"https:\/\/maxradio923.com.ar\/index.php\/wp-json\/wp\/v2\/media?parent=16308"}],"wp:term":[{"taxonomy":"category","embeddable":true,"href":"https:\/\/maxradio923.com.ar\/index.php\/wp-json\/wp\/v2\/categories?post=16308"},{"taxonomy":"post_tag","embeddable":true,"href":"https:\/\/maxradio923.com.ar\/index.php\/wp-json\/wp\/v2\/tags?post=16308"}],"curies":[{"name":"wp","href":"https:\/\/api.w.org\/{rel}","templated":true}]}}