{"id":16298,"date":"2024-01-13T11:25:59","date_gmt":"2024-01-13T14:25:59","guid":{"rendered":"https:\/\/maxradio923.com.ar\/index.php\/2024\/01\/13\/todo-lo-que-podes-disfrutar-gratis-en-ullum-este-finde\/"},"modified":"2024-01-13T11:25:59","modified_gmt":"2024-01-13T14:25:59","slug":"todo-lo-que-podes-disfrutar-gratis-en-ullum-este-finde","status":"publish","type":"post","link":"https:\/\/maxradio923.com.ar\/index.php\/2024\/01\/13\/todo-lo-que-podes-disfrutar-gratis-en-ullum-este-finde\/","title":{"rendered":"Todo lo que pod\u00e9s disfrutar gratis en Ullum este finde"},"content":{"rendered":"<p><img decoding=\"async\" src=\"https:\/\/grupomorenomedios.com.ar\/wp-content\/uploads\/2024\/01\/muni-ullum.webp.jpg\"\/><\/p>\n<p><img decoding=\"async\" src=\"https:\/\/diariod3.com\/wp-content\/uploads\/2023\/12\/muni-ullum.webp\"\/><\/p>\n<p>A 40 minutos de la ciudad capital se encuentra Ullum, un departamento privilegiado con espacios naturales para la recreaci\u00f3n. Con la idea de activar el turismo receptivo y potenciar los talentos locales, la gesti\u00f3n del intendente David Dom\u00ednguez dispuso de una serie de actividades gratuitas para este fin de semana.<\/p>\n<p><img decoding=\"async\" src=\"https:\/\/diariod3.com\/wp-content\/uploads\/2024\/01\/WhatsApp-Image-2024-01-12-at-08.48.17.webp\"\/><\/p>\n<p>S\u00e1bado<\/p>\n<p>* De 8.30 a 12 horas: \u00abRecarg\u00e1 tu energ\u00eda\u00bb: Recepci\u00f3n de turistas en Plaza March\u00e1n con feriantes de la econom\u00eda popular<br \/>* Desde las 21 horas: \u00abFeria del Encuentro, Ullum te espera\u00bb: M\u00fasica y patio gastron\u00f3mico en Plaza Seca.<br \/>La grilla de este s\u00e1bado:<br \/>Feria del Encuentro 13\/01\/2024<br \/><img decoding=\"async\" src=\"https:\/\/diariod3.com\/wp-content\/uploads\/2024\/01\/WhatsApp-Image-2024-01-12-at-08.48.18-scaled.webp\"\/><br \/>21:00 HS. Inicio.<br \/>21:30 HS. Ballet Arte Nativo.<br \/>22:00 HS. Los Saguas.<br \/>22:30 HS. Academia de Baile \u201cEl Retamo\u201d.<br \/>23:00 HS. German R\u00edos.<br \/>23:30 HS. A y D.<br \/>00:00 HS. Jorge Aguilar.<\/p>\n<p>Domingo<\/p>\n<p>* De 8.30 a 12 horas: \u00abRecarg\u00e1 tu energ\u00eda\u00bb: Recepci\u00f3n de turistas en Plaza March\u00e1n con feriantes de la econom\u00eda popular<br \/>* Desde las 16 hs, cuarta etapa del Giro del Sol. Punto de hidrataci\u00f3n y aliento en Plaza March\u00e1n. Recepci\u00f3n de turistas con feriantes de la econom\u00eda popular.<br \/>* Desde las 20 hs: Finaliza novena en honor a la Virgen de Andacollo con procesi\u00f3n y santa misa a las 22.<\/p>\n<p><img decoding=\"async\" src=\"https:\/\/diariod3.com\/wp-content\/uploads\/2024\/01\/WhatsApp-Image-2024-01-12-at-08.48.17-1.webp\"\/><br \/>Tambi\u00e9n est\u00e1 habilitado el Camping Municipal Ullum con su pileta, parrilleros y proveedur\u00eda. El horario es de 13 a 20 horas y la entrada general sale $1000 para visitantes y la mitad para los residentes. Quienes deseen acampar deber\u00e1n pagar $3500 por carpa por d\u00eda de estad\u00eda.<\/p>\n<p>Op: Juan Llarena<\/p>\n<p>La entrada Todo lo que pod\u00e9s disfrutar gratis en Ullum este finde se public\u00f3 primero en DIARIO DIGITAL MORENO MEDIOS.<\/p>\n","protected":false},"excerpt":{"rendered":"<p>A 40 minutos de la ciudad capital se encuentra Ullum, un departamento privilegiado con espacios naturales para la recreaci\u00f3n. Con la idea de activar el turismo receptivo y potenciar los talentos locales, la gesti\u00f3n del intendente David Dom\u00ednguez dispuso de una serie de actividades gratuitas para este fin de semana. S\u00e1bado * De 8.30 a [&hellip;]<\/p>\n","protected":false},"author":1,"featured_media":16299,"comment_status":"","ping_status":"","sticky":false,"template":"","format":"standard","meta":{"footnotes":""},"categories":[5],"tags":[],"_links":{"self":[{"href":"https:\/\/maxradio923.com.ar\/index.php\/wp-json\/wp\/v2\/posts\/16298"}],"collection":[{"href":"https:\/\/maxradio923.com.ar\/index.php\/wp-json\/wp\/v2\/posts"}],"about":[{"href":"https:\/\/maxradio923.com.ar\/index.php\/wp-json\/wp\/v2\/types\/post"}],"author":[{"embeddable":true,"href":"https:\/\/maxradio923.com.ar\/index.php\/wp-json\/wp\/v2\/users\/1"}],"replies":[{"embeddable":true,"href":"https:\/\/maxradio923.com.ar\/index.php\/wp-json\/wp\/v2\/comments?post=16298"}],"version-history":[{"count":0,"href":"https:\/\/maxradio923.com.ar\/index.php\/wp-json\/wp\/v2\/posts\/16298\/revisions"}],"wp:featuredmedia":[{"embeddable":true,"href":"https:\/\/maxradio923.com.ar\/index.php\/wp-json\/wp\/v2\/media\/16299"}],"wp:attachment":[{"href":"https:\/\/maxradio923.com.ar\/index.php\/wp-json\/wp\/v2\/media?parent=16298"}],"wp:term":[{"taxonomy":"category","embeddable":true,"href":"https:\/\/maxradio923.com.ar\/index.php\/wp-json\/wp\/v2\/categories?post=16298"},{"taxonomy":"post_tag","embeddable":true,"href":"https:\/\/maxradio923.com.ar\/index.php\/wp-json\/wp\/v2\/tags?post=16298"}],"curies":[{"name":"wp","href":"https:\/\/api.w.org\/{rel}","templated":true}]}}