{"id":16289,"date":"2024-01-13T11:25:36","date_gmt":"2024-01-13T14:25:36","guid":{"rendered":"https:\/\/maxradio923.com.ar\/index.php\/2024\/01\/13\/san-juan-se-prepara-para-un-intenso-fin-de-semana-maximas-de-35c-el-sabado-13-de-enero\/"},"modified":"2024-01-13T11:25:36","modified_gmt":"2024-01-13T14:25:36","slug":"san-juan-se-prepara-para-un-intenso-fin-de-semana-maximas-de-35c-el-sabado-13-de-enero","status":"publish","type":"post","link":"https:\/\/maxradio923.com.ar\/index.php\/2024\/01\/13\/san-juan-se-prepara-para-un-intenso-fin-de-semana-maximas-de-35c-el-sabado-13-de-enero\/","title":{"rendered":"San Juan se Prepara para un Intenso Fin de Semana, M\u00e1ximas de 35\u00b0C el S\u00e1bado 13 de Enero"},"content":{"rendered":"<p><img decoding=\"async\" src=\"https:\/\/diariod3.com\/wp-content\/uploads\/2023\/12\/calorin-1024x682-1-750x430-1.webp\"\/>   <\/p>\n<p>En medio de la persistente ola de calor que abraza la regi\u00f3n durante la segunda semana de enero, el Servicio Meteorol\u00f3gico Nacional ofrece un pron\u00f3stico que invita a tomar precauciones para el s\u00e1bado 13 de enero en San Juan.<\/p>\n<p>Se anticipa que las temperaturas alcancen su punto m\u00e1ximo, llegando hasta los 35\u00b0C, mientras que la m\u00ednima se ubicar\u00e1 en los 22\u00b0C. El cielo se presentar\u00e1 algo a parcialmente nublado, acompa\u00f1ado de vientos del sector sur, con una rotaci\u00f3n hacia el sudeste y un cierre nuevamente desde el sur.<\/p>\n<p>Este escenario clim\u00e1tico se mantendr\u00e1 durante la jornada del domingo, con una ligera disminuci\u00f3n en las temperaturas, alcanzando un m\u00e1ximo de 31\u00b0C. Para la pr\u00f3xima semana, se espera que las temperaturas oscilen entre los 35 y 27 grados, prolongando la racha de calor que caracteriza estos d\u00edas en la regi\u00f3n.<\/p>\n<p>Las autoridades instan a la poblaci\u00f3n a tomar las precauciones necesarias ante estas condiciones clim\u00e1ticas, como mantenerse hidratados, evitar la exposici\u00f3n prolongada al sol y estar atentos a las indicaciones de las autoridades locales.<\/p>\n<p>El Servicio Meteorol\u00f3gico Nacional continuar\u00e1 monitoreando la evoluci\u00f3n del clima y proporcionar\u00e1 actualizaciones regulares a medida que la semana avance. Se recomienda a los residentes y visitantes estar atentos a las alertas y seguir las recomendaciones de seguridad para mitigar los efectos del calor extremo.<\/p>\n<figure><img decoding=\"async\" src=\"https:\/\/www.diariodecuyo.com.ar\/export\/sites\/diariodecuyo\/img\/2024\/01\/13\/image_crop1705147136432.png_634737286.png\"\/><\/figure>\n","protected":false},"excerpt":{"rendered":"<p>En medio de la persistente ola de calor que abraza la regi\u00f3n durante la segunda semana de enero, el Servicio Meteorol\u00f3gico Nacional ofrece un pron\u00f3stico que invita a tomar precauciones para el s\u00e1bado 13 de enero en San Juan.<br \/>\n Se anticipa que las temperaturas alcancen su punto m\u00e1ximo, llegando hasta los 35\u00b0C, mientras que la m\u00ednima se ubicar\u00e1 en los 22\u00b0C. El cielo se presentar\u00e1 algo a parcialmente nublado, acompa\u00f1ado de vientos del sector sur, con una rotaci\u00f3n hacia el sudeste y un cierre nuevamente desde el sur.<br \/>\n Este escenario clim\u00e1tico se mantendr\u00e1 durante la jornada del domingo, con una ligera disminuci\u00f3n en las temperaturas, alcanzando un m\u00e1ximo de 31\u00b0C. Para la pr\u00f3xima semana, se espera que las temperaturas oscilen entre los 35 y 27 grados, prolongando la racha de calor que caracteriza estos d\u00edas en la regi\u00f3n.<br \/>\n Las autoridades instan a la poblaci\u00f3n a tomar las precauciones necesarias ante estas condiciones clim\u00e1ticas, como mantenerse hidratados, evitar la exposici\u00f3n prolongada al ..<\/p>\n","protected":false},"author":2,"featured_media":16290,"comment_status":"","ping_status":"","sticky":false,"template":"","format":"standard","meta":{"footnotes":""},"categories":[8],"tags":[],"_links":{"self":[{"href":"https:\/\/maxradio923.com.ar\/index.php\/wp-json\/wp\/v2\/posts\/16289"}],"collection":[{"href":"https:\/\/maxradio923.com.ar\/index.php\/wp-json\/wp\/v2\/posts"}],"about":[{"href":"https:\/\/maxradio923.com.ar\/index.php\/wp-json\/wp\/v2\/types\/post"}],"author":[{"embeddable":true,"href":"https:\/\/maxradio923.com.ar\/index.php\/wp-json\/wp\/v2\/users\/2"}],"replies":[{"embeddable":true,"href":"https:\/\/maxradio923.com.ar\/index.php\/wp-json\/wp\/v2\/comments?post=16289"}],"version-history":[{"count":0,"href":"https:\/\/maxradio923.com.ar\/index.php\/wp-json\/wp\/v2\/posts\/16289\/revisions"}],"wp:featuredmedia":[{"embeddable":true,"href":"https:\/\/maxradio923.com.ar\/index.php\/wp-json\/wp\/v2\/media\/16290"}],"wp:attachment":[{"href":"https:\/\/maxradio923.com.ar\/index.php\/wp-json\/wp\/v2\/media?parent=16289"}],"wp:term":[{"taxonomy":"category","embeddable":true,"href":"https:\/\/maxradio923.com.ar\/index.php\/wp-json\/wp\/v2\/categories?post=16289"},{"taxonomy":"post_tag","embeddable":true,"href":"https:\/\/maxradio923.com.ar\/index.php\/wp-json\/wp\/v2\/tags?post=16289"}],"curies":[{"name":"wp","href":"https:\/\/api.w.org\/{rel}","templated":true}]}}