{"id":16281,"date":"2024-01-13T11:24:59","date_gmt":"2024-01-13T14:24:59","guid":{"rendered":"https:\/\/maxradio923.com.ar\/index.php\/2024\/01\/13\/israel-se-defiende-en-la-corte-de-la-haya-de-la-acusacion-de-genocidio-en-gaza\/"},"modified":"2024-01-13T11:24:59","modified_gmt":"2024-01-13T14:24:59","slug":"israel-se-defiende-en-la-corte-de-la-haya-de-la-acusacion-de-genocidio-en-gaza","status":"publish","type":"post","link":"https:\/\/maxradio923.com.ar\/index.php\/2024\/01\/13\/israel-se-defiende-en-la-corte-de-la-haya-de-la-acusacion-de-genocidio-en-gaza\/","title":{"rendered":"Israel se defiende en la Corte de La Haya de la acusaci\u00f3n de genocidio en Gaza"},"content":{"rendered":"<p><img decoding=\"async\" alt=\"Una marcha frente a la Corte de La Haya, este viernes, para exigir la liberaci\u00f3n de los rehenes que siguen en manos de los terroristas de Hamas desde el 7 de octubre. Foto: AP \" src=\"https:\/\/www.clarin.com\/img\/2024\/01\/12\/yNmAWP_ts_720x0__1.jpg\"\/>Una marcha frente a la Corte de La Haya, este viernes, para exigir la liberaci\u00f3n de los rehenes que siguen en manos de los terroristas de Hamas desde el 7 de octubre. Foto: AP <img decoding=\"async\" alt=\"La delegaci\u00f3n de Sud\u00e1frica habla con la prensa, frente a la Corte Internacional de Justicia de La Haya. Foto: REUTERS \" src=\"https:\/\/www.clarin.com\/img\/2024\/01\/12\/a4lQ0s96b_720x0__1.jpg\"\/>La delegaci\u00f3n de Sud\u00e1frica habla con la prensa, frente a la Corte Internacional de Justicia de La Haya. Foto: REUTERS<\/p>\n","protected":false},"excerpt":{"rendered":"<p>Una marcha frente a la Corte de La Haya, este viernes, para exigir la liberaci\u00f3n de los rehenes que siguen en manos de los terroristas de Hamas desde el 7 de octubre. Foto: AP La delegaci\u00f3n de Sud\u00e1frica habla con la prensa, frente a la Corte Internacional de Justicia de La Haya. Foto: REUTERS<\/p>\n","protected":false},"author":2,"featured_media":16282,"comment_status":"","ping_status":"","sticky":false,"template":"","format":"standard","meta":{"footnotes":""},"categories":[3],"tags":[],"_links":{"self":[{"href":"https:\/\/maxradio923.com.ar\/index.php\/wp-json\/wp\/v2\/posts\/16281"}],"collection":[{"href":"https:\/\/maxradio923.com.ar\/index.php\/wp-json\/wp\/v2\/posts"}],"about":[{"href":"https:\/\/maxradio923.com.ar\/index.php\/wp-json\/wp\/v2\/types\/post"}],"author":[{"embeddable":true,"href":"https:\/\/maxradio923.com.ar\/index.php\/wp-json\/wp\/v2\/users\/2"}],"replies":[{"embeddable":true,"href":"https:\/\/maxradio923.com.ar\/index.php\/wp-json\/wp\/v2\/comments?post=16281"}],"version-history":[{"count":0,"href":"https:\/\/maxradio923.com.ar\/index.php\/wp-json\/wp\/v2\/posts\/16281\/revisions"}],"wp:featuredmedia":[{"embeddable":true,"href":"https:\/\/maxradio923.com.ar\/index.php\/wp-json\/wp\/v2\/media\/16282"}],"wp:attachment":[{"href":"https:\/\/maxradio923.com.ar\/index.php\/wp-json\/wp\/v2\/media?parent=16281"}],"wp:term":[{"taxonomy":"category","embeddable":true,"href":"https:\/\/maxradio923.com.ar\/index.php\/wp-json\/wp\/v2\/categories?post=16281"},{"taxonomy":"post_tag","embeddable":true,"href":"https:\/\/maxradio923.com.ar\/index.php\/wp-json\/wp\/v2\/tags?post=16281"}],"curies":[{"name":"wp","href":"https:\/\/api.w.org\/{rel}","templated":true}]}}