{"id":16275,"date":"2024-01-13T11:23:59","date_gmt":"2024-01-13T14:23:59","guid":{"rendered":"https:\/\/maxradio923.com.ar\/index.php\/2024\/01\/13\/iglesia-desborda-de-turistas-por-la-fiesta-de-la-semilla-y-la-manzana-ocupacion-hotelera-al-95\/"},"modified":"2024-01-13T11:23:59","modified_gmt":"2024-01-13T14:23:59","slug":"iglesia-desborda-de-turistas-por-la-fiesta-de-la-semilla-y-la-manzana-ocupacion-hotelera-al-95","status":"publish","type":"post","link":"https:\/\/maxradio923.com.ar\/index.php\/2024\/01\/13\/iglesia-desborda-de-turistas-por-la-fiesta-de-la-semilla-y-la-manzana-ocupacion-hotelera-al-95\/","title":{"rendered":"Iglesia Desborda de Turistas por la Fiesta de la Semilla y la Manzana: Ocupaci\u00f3n Hotelera al 95%"},"content":{"rendered":"<p><img decoding=\"async\" src=\"https:\/\/diariod3.com\/wp-content\/uploads\/2024\/01\/turismo.jpg\"\/> <\/p>\n<p>Este fin de semana, el pintoresco departamento de Iglesia se encuentra al l\u00edmite de alcanzar la ocupaci\u00f3n hotelera plena, impulsado por el movimiento propio de la primera quincena de enero y la celebraci\u00f3n de la Fiesta de la Semilla y la Manzana, que se llevar\u00e1 a cabo este viernes y s\u00e1bado.<\/p>\n<p>Con atractivos musicales que incluyen las presentaciones de la banda cuarteto Q\u00b4Lokura y el grupo de folclore Los Tekis, la fiesta ha atra\u00eddo a un considerable n\u00famero de turistas no solo de departamentos o provincias vecinas, sino tambi\u00e9n de Chile.<\/p>\n<p>Seg\u00fan fuentes de sanjuan8.com, la ocupaci\u00f3n hotelera en Iglesia ronda actualmente el 95%. Aunque la plaza cuenta con alrededor de 2000 plazas registradas, se estima que hay m\u00e1s de 500 plazas adicionales de forma informal. Desde la Direcci\u00f3n de Turismo del departamento, se\u00f1alaron que, aunque el n\u00famero de opciones de hospedaje es limitado, todav\u00eda hay algunas disponibles para aquellos interesados en disfrutar de la fiesta en el norte sanjuanino.<\/p>\n<p>Cabe destacar que las entradas para la Fiesta de la Semilla y la Manzana tienen un costo de $2.000 para residentes y $5.000 para no residentes, siendo gratuita la entrada para menores de 12 a\u00f1os. Estas pueden adquirirse tanto en delegaciones municipales como en l\u00ednea a trav\u00e9s de accessgo.com.ar. La comunidad y los visitantes se preparan para vivir un fin de semana vibrante, lleno de m\u00fasica, tradici\u00f3n y turismo en Iglesia.<\/p>\n","protected":false},"excerpt":{"rendered":"<p>Este fin de semana, el pintoresco departamento de Iglesia se encuentra al l\u00edmite de alcanzar la ocupaci\u00f3n hotelera plena, impulsado por el movimiento propio de la primera quincena de enero y la celebraci\u00f3n de la Fiesta de la Semilla y la Manzana, que se llevar\u00e1 a cabo este viernes y s\u00e1bado.<br \/>\n Con atractivos musicales que incluyen las presentaciones de la banda cuarteto Q\u00b4Lokura y el grupo de folclore Los Tekis, la fiesta ha atra\u00eddo a un considerable n\u00famero de turistas no solo de departamentos o provincias vecinas, sino tambi\u00e9n de Chile.<br \/>\n Seg\u00fan fuentes de sanjuan8.com, la ocupaci\u00f3n hotelera en Iglesia ronda actualmente el 95%. Aunque la plaza cuenta con alrededor de 2000 plazas registradas, se estima que hay m\u00e1s de 500 plazas adicionales de forma informal. Desde la Direcci\u00f3n de Turismo del departamento, se\u00f1alaron que, aunque el n\u00famero de opciones de hospedaje es limitado, todav\u00eda hay algunas disponibles para aquellos interesados en disfrutar de la fiesta en el norte sanjuanino.<br \/>\n Cabe des..<\/p>\n","protected":false},"author":2,"featured_media":16276,"comment_status":"","ping_status":"","sticky":false,"template":"","format":"standard","meta":{"footnotes":""},"categories":[10],"tags":[],"_links":{"self":[{"href":"https:\/\/maxradio923.com.ar\/index.php\/wp-json\/wp\/v2\/posts\/16275"}],"collection":[{"href":"https:\/\/maxradio923.com.ar\/index.php\/wp-json\/wp\/v2\/posts"}],"about":[{"href":"https:\/\/maxradio923.com.ar\/index.php\/wp-json\/wp\/v2\/types\/post"}],"author":[{"embeddable":true,"href":"https:\/\/maxradio923.com.ar\/index.php\/wp-json\/wp\/v2\/users\/2"}],"replies":[{"embeddable":true,"href":"https:\/\/maxradio923.com.ar\/index.php\/wp-json\/wp\/v2\/comments?post=16275"}],"version-history":[{"count":0,"href":"https:\/\/maxradio923.com.ar\/index.php\/wp-json\/wp\/v2\/posts\/16275\/revisions"}],"wp:featuredmedia":[{"embeddable":true,"href":"https:\/\/maxradio923.com.ar\/index.php\/wp-json\/wp\/v2\/media\/16276"}],"wp:attachment":[{"href":"https:\/\/maxradio923.com.ar\/index.php\/wp-json\/wp\/v2\/media?parent=16275"}],"wp:term":[{"taxonomy":"category","embeddable":true,"href":"https:\/\/maxradio923.com.ar\/index.php\/wp-json\/wp\/v2\/categories?post=16275"},{"taxonomy":"post_tag","embeddable":true,"href":"https:\/\/maxradio923.com.ar\/index.php\/wp-json\/wp\/v2\/tags?post=16275"}],"curies":[{"name":"wp","href":"https:\/\/api.w.org\/{rel}","templated":true}]}}