{"id":16273,"date":"2024-01-13T11:23:59","date_gmt":"2024-01-13T14:23:59","guid":{"rendered":"https:\/\/maxradio923.com.ar\/index.php\/2024\/01\/13\/la-casa-de-sarmiento-volvera-a-abrir-sus-puertas-este-fin-de-semana-tras-anuncio-de-pago-de-horas-extras\/"},"modified":"2024-01-13T11:23:59","modified_gmt":"2024-01-13T14:23:59","slug":"la-casa-de-sarmiento-volvera-a-abrir-sus-puertas-este-fin-de-semana-tras-anuncio-de-pago-de-horas-extras","status":"publish","type":"post","link":"https:\/\/maxradio923.com.ar\/index.php\/2024\/01\/13\/la-casa-de-sarmiento-volvera-a-abrir-sus-puertas-este-fin-de-semana-tras-anuncio-de-pago-de-horas-extras\/","title":{"rendered":"La Casa de Sarmiento Volver\u00e1 a Abrir sus Puertas Este Fin de Semana tras Anuncio de Pago de Horas Extras"},"content":{"rendered":"<p><img decoding=\"async\" src=\"https:\/\/diariod3.com\/wp-content\/uploads\/2024\/01\/museo-casa-natal-sarmiento.webp\"\/> <\/p>\n<p>La Casa Natal de Sarmiento y otros Museos Nacionales que inicialmente se hab\u00edan sumado a la suspensi\u00f3n de actividades este fin de semana debido a la decisi\u00f3n de la Jefatura de Gabinete de Ministros de no reconocer las horas extras, han dado marcha atr\u00e1s luego de la confirmaci\u00f3n de que se pagar\u00e1n las horas extras a los trabajadores de museos nacionales.<\/p>\n<p>La secretar\u00eda de Cultura comunic\u00f3 a los Museos Nacionales que, con las condiciones operativas garantizadas, podr\u00e1n abrir sus puertas este s\u00e1bado 13 y domingo 14 de enero. Esto incluye a la Casa Natal de Sarmiento, que ahora formar\u00e1 parte de las instituciones que permanecer\u00e1n abiertas \u00abcon total normalidad en sus horarios habituales\u00bb.<\/p>\n<p>La noticia llega despu\u00e9s de que los museos, entre ellos el Museo Nacional de Bellas Artes y el Museo Hist\u00f3rico, hab\u00edan anunciado su cierre temporal argumentando la falta de reconocimiento del trabajo fuera del horario administrativo. La decisi\u00f3n inicial hab\u00eda generado preocupaci\u00f3n debido a la importancia de estos espacios culturales, especialmente durante los fines de semana de verano, cuando reciben miles de visitantes.<\/p>\n<p>La Asociaci\u00f3n de Trabajadores del Estado (ATE) tambi\u00e9n expres\u00f3 su descontento, se\u00f1alando el atropello de las autoridades sobre los 27 Museos Nacionales y el desprecio del derecho de acceso a la cultura de la ciudadan\u00eda.<\/p>\n<p>Con la reapertura confirmada, se espera que los visitantes puedan disfrutar de las exposiciones y actividades gratuitas ofrecidas por estos emblem\u00e1ticos museos durante el fin de semana.<\/p>\n","protected":false},"excerpt":{"rendered":"<p>La Casa Natal de Sarmiento y otros Museos Nacionales que inicialmente se hab\u00edan sumado a la suspensi\u00f3n de actividades este fin de semana debido a la decisi\u00f3n de la Jefatura de Gabinete de Ministros de no reconocer las horas extras, han dado marcha atr\u00e1s luego de la confirmaci\u00f3n de que se pagar\u00e1n las horas extras a los trabajadores de museos nacionales.<br \/>\n La secretar\u00eda de Cultura comunic\u00f3 a los Museos Nacionales que, con las condiciones operativas garantizadas, podr\u00e1n abrir sus puertas este s\u00e1bado 13 y domingo 14 de enero. Esto incluye a la Casa Natal de Sarmiento, que ahora formar\u00e1 parte de las instituciones que permanecer\u00e1n abiertas \u00abcon total normalidad en sus horarios habituales\u00bb.<br \/>\n La noticia llega despu\u00e9s de que los museos, entre ellos el Museo Nacional de Bellas Artes y el Museo Hist\u00f3rico, hab\u00edan anunciado su cierre temporal argumentando la falta de reconocimiento del trabajo fuera del horario administrativo. La decisi\u00f3n inicial hab\u00eda generado preocupaci\u00f3n debido a la importancia d..<\/p>\n","protected":false},"author":2,"featured_media":16274,"comment_status":"","ping_status":"","sticky":false,"template":"","format":"standard","meta":{"footnotes":""},"categories":[10],"tags":[],"_links":{"self":[{"href":"https:\/\/maxradio923.com.ar\/index.php\/wp-json\/wp\/v2\/posts\/16273"}],"collection":[{"href":"https:\/\/maxradio923.com.ar\/index.php\/wp-json\/wp\/v2\/posts"}],"about":[{"href":"https:\/\/maxradio923.com.ar\/index.php\/wp-json\/wp\/v2\/types\/post"}],"author":[{"embeddable":true,"href":"https:\/\/maxradio923.com.ar\/index.php\/wp-json\/wp\/v2\/users\/2"}],"replies":[{"embeddable":true,"href":"https:\/\/maxradio923.com.ar\/index.php\/wp-json\/wp\/v2\/comments?post=16273"}],"version-history":[{"count":0,"href":"https:\/\/maxradio923.com.ar\/index.php\/wp-json\/wp\/v2\/posts\/16273\/revisions"}],"wp:featuredmedia":[{"embeddable":true,"href":"https:\/\/maxradio923.com.ar\/index.php\/wp-json\/wp\/v2\/media\/16274"}],"wp:attachment":[{"href":"https:\/\/maxradio923.com.ar\/index.php\/wp-json\/wp\/v2\/media?parent=16273"}],"wp:term":[{"taxonomy":"category","embeddable":true,"href":"https:\/\/maxradio923.com.ar\/index.php\/wp-json\/wp\/v2\/categories?post=16273"},{"taxonomy":"post_tag","embeddable":true,"href":"https:\/\/maxradio923.com.ar\/index.php\/wp-json\/wp\/v2\/tags?post=16273"}],"curies":[{"name":"wp","href":"https:\/\/api.w.org\/{rel}","templated":true}]}}