{"id":16257,"date":"2024-01-13T11:23:03","date_gmt":"2024-01-13T14:23:03","guid":{"rendered":"https:\/\/maxradio923.com.ar\/index.php\/2024\/01\/13\/el-gobierno-busca-llegar-a-la-corte-contra-el-fallo-que-suspendio-el-capitulo-laboral-del-dnu\/"},"modified":"2024-01-13T11:26:20","modified_gmt":"2024-01-13T14:26:20","slug":"el-gobierno-busca-llegar-a-la-corte-contra-el-fallo-que-suspendio-el-capitulo-laboral-del-dnu","status":"publish","type":"post","link":"https:\/\/maxradio923.com.ar\/index.php\/2024\/01\/13\/el-gobierno-busca-llegar-a-la-corte-contra-el-fallo-que-suspendio-el-capitulo-laboral-del-dnu\/","title":{"rendered":"El Gobierno busca llegar a la Corte contra el fallo que suspendi\u00f3 el cap\u00edtulo laboral del DNU"},"content":{"rendered":"<p><img decoding=\"async\" src=\"https:\/\/diariod3.com\/wp-content\/uploads\/2024\/01\/656a09f39acb0_1200-1.jpg\"\/><\/p>\n<p>El recurso extraordinario fue presentado por el Procurador del Tesoro de la Naci\u00f3n, Rodolfo Barra, y el objetivo es llegar al m\u00e1ximo tribunal en busca de revertir el fallo de la c\u00e1mara de apelaciones del fuero laboral que, ante una presentaci\u00f3n de la CGT, dispuso la suspensi\u00f3n provisoria del cap\u00edtulo.<\/p>\n<figure><img decoding=\"async\" src=\"https:\/\/www.telam.com.ar\/thumbs\/bluesteel\/advf\/imagenes\/2023\/12\/6583804a30264_1200.jpg\" alt=\"El Gobierno busca llegar a la Corte Foto X\"\/><figcaption>El Gobierno busca llegar a la Corte. Foto: X<\/figcaption><\/figure>\n<p>El <strong>Procurador del Tesoro de la Naci\u00f3n, Rodolfo Barra<\/strong>, present\u00f3 este viernes un recurso extraordinario ante la C\u00e1mara Nacional de Apelaciones del Trabajo contra la cautelar que suspendi\u00f3 la aplicaci\u00f3n del cap\u00edtulo laboral del Decreto de Necesidad y Urgencia (DNU) 70\/2023 emitido por el presidente Javier Milei, con el objetivo de que la Corte Suprema de Justicia tome intervenci\u00f3n en el caso.<\/p>\n<p>La presentaci\u00f3n, <strong>que hasta \u00faltima hora del viernes no estaba despachada en el sistema inform\u00e1tico del Poder Judicial, fue confirmada a T\u00e9lam por fuentes oficiales que aclararon que \u201cel recurso va dirigido a la Corte<\/strong>, pero se presenta en la C\u00e1mara del Trabajo\u201d.<\/p>\n<p>El recurso elaborado por los abogados de la Procuraci\u00f3n del Tesoro de la Naci\u00f3n tiene por objetivo llegar al m\u00e1ximo tribunal en busca de revertir el fallo de la c\u00e1mara de apelaciones del fuero laboral que, ante una presentaci\u00f3n de la Confederaci\u00f3n General del Trabajo (CGT), dispuso la suspensi\u00f3n provisoria del cap\u00edtulo laboral del DNU.<\/p>\n<p>Se trata de un recurso extraordinario para que la C\u00e1mara habilite la v\u00eda hacia la Corte; aunque si eso no ocurre el Gobierno podr\u00e1 recurrir a una queja para llegar al m\u00e1ximo tribunal, se\u00f1alaron las fuentes consultadas.<\/p>\n<figure><img decoding=\"async\" src=\"https:\/\/www.telam.com.ar\/thumbs\/bluesteel\/advf\/imagenes\/2023\/12\/656a09f39acb0_1200.jpg\" alt=\"El Procurador del Tesoro de la Nacin Rodolfo Barra Foto Osvaldo Fantn\"\/><figcaption>El Procurador del Tesoro de la Naci\u00f3n, Rodolfo Barra. Foto: Osvaldo Fant\u00f3n.<\/figcaption><\/figure>\n<p>El 4 de enero la C\u00e1mara Nacional de Apelaciones del Trabajo dict\u00f3 la primera cautelar que orden\u00f3 la suspensi\u00f3n de la reforma laboral incluida en el DNU: luego hubo otros cuatro cautelares m\u00e1s -dictadas por tribunales de primera y segunda instancia, seg\u00fan cada caso- entre las que se encuentra la lograda por la Central de Trabajadores de la Argentina (CTA).<\/p>\n<p><strong>\u00abD\u00edctase una medida cautelar suspendiendo la aplicabilidad de lo dispuesto en el Titulo IV Trabajo del Decreto de Necesidad y Urgencia n.\u00b0 70\/23 hasta tanto recaiga sentencia definitiva sobre la cuesti\u00f3n de fondo ventilada en estos actuados\u00bb<\/strong>, dispusieron, en su momento, los jueces que -por mayor\u00eda- aceptaron el reclamo de la CGT.<\/p>\n<p>La decisi\u00f3n de la C\u00e1mara fue adoptada con los votos de los magistrados Jos\u00e9 Alejandro Sudera y Andrea Garc\u00eda Vior, que integran la sala de feria de la C\u00e1mara del Trabajo junto con la jueza Dora Gonz\u00e1lez, que postul\u00f3 remitir la causa a la C\u00e1mara Contencioso Administrativo Federal para que defina qu\u00e9 fuero debe tramitar el expediente.<\/p>\n<p>\u201cNo se evidenciar\u00eda objetivamente la \u00b4necesidad\u00b4 de adoptar tan numerosas medidas y que, aunque ello pudiera -hipot\u00e9ticamente- intentar justificarse en la referencias gen\u00e9ricas a \u2018un hecho demostrado\u2019, lo cierto y jur\u00eddicamente relevante es que no se avizorar\u00edan las que se alegan constituyan razones de \u2018urgencia\u2019 para eludir la debida intervenci\u00f3n del Poder Legislativo en lo que hace a la legislaci\u00f3n de fondo\u00bb, sostuvieron los jueces que conformaron la mayor\u00eda, seg\u00fan surge del fallo al que accedi\u00f3 T\u00e9lam.<\/p>\n<p>Adem\u00e1s de la pretensi\u00f3n de revertir la cautelar, el Gobierno tiene, entre otros, el objetivo de sacar el expediente de la \u00f3rbita del fuero laboral y llevarlo al fueron Contencioso Administrativo, aseveraron las fuentes, que remarcaron que esa fue siempre la estrategia del oficialismo.<\/p>\n<p>En el fuero Contencioso Administrativo, adem\u00e1s, la Procuraci\u00f3n del Tesoro present\u00f3 la apelaci\u00f3n al fallo del juez federal Enrique Lavi\u00e9 Pico que desarm\u00f3 el proceso colectivo y dispuso que cada amparo tramite ante en fuero que corresponda seg\u00fan su tem\u00e1tica.<\/p>\n","protected":false},"excerpt":{"rendered":"<p>El recurso extraordinario fue presentado por el Procurador del Tesoro de la Naci\u00f3n, Rodolfo Barra, y el objetivo es llegar al m\u00e1ximo tribunal en busca de revertir el fallo de la c\u00e1mara de apelaciones del fuero laboral que, ante una presentaci\u00f3n de la CGT, dispuso la suspensi\u00f3n provisoria del cap\u00edtulo.<\/p>\n<p>El Gobierno busca llegar a la Corte. Foto: X<br \/>\nEl Procurador del Tesoro de la Naci\u00f3n, Rodolfo Barra, present\u00f3 este viernes un recurso extraordinario ante la C\u00e1mara Nacional de Apelaciones del Trabajo contra la cautelar que suspendi\u00f3 la aplicaci\u00f3n del cap\u00edtulo laboral del Decreto de Necesidad y Urgencia (DNU) 70\/2023 emitido por el presidente Javier Milei, con el objetivo de que la Corte Suprema de Justicia tome intervenci\u00f3n en el caso.<\/p>\n<p>La presentaci\u00f3n, que hasta \u00faltima hora del viernes no estaba despachada en el sistema inform\u00e1tico del Poder Judicial, fue confirmada a T\u00e9lam por fuentes oficiales que aclararon que \u201cel recurso va dirigido a la Corte, pero se presenta en la C\u00e1mara del Trabaj..<\/p>\n","protected":false},"author":2,"featured_media":16303,"comment_status":"closed","ping_status":"","sticky":false,"template":"","format":"standard","meta":{"footnotes":""},"categories":[12],"tags":[],"_links":{"self":[{"href":"https:\/\/maxradio923.com.ar\/index.php\/wp-json\/wp\/v2\/posts\/16257"}],"collection":[{"href":"https:\/\/maxradio923.com.ar\/index.php\/wp-json\/wp\/v2\/posts"}],"about":[{"href":"https:\/\/maxradio923.com.ar\/index.php\/wp-json\/wp\/v2\/types\/post"}],"author":[{"embeddable":true,"href":"https:\/\/maxradio923.com.ar\/index.php\/wp-json\/wp\/v2\/users\/2"}],"replies":[{"embeddable":true,"href":"https:\/\/maxradio923.com.ar\/index.php\/wp-json\/wp\/v2\/comments?post=16257"}],"version-history":[{"count":1,"href":"https:\/\/maxradio923.com.ar\/index.php\/wp-json\/wp\/v2\/posts\/16257\/revisions"}],"predecessor-version":[{"id":16302,"href":"https:\/\/maxradio923.com.ar\/index.php\/wp-json\/wp\/v2\/posts\/16257\/revisions\/16302"}],"wp:featuredmedia":[{"embeddable":true,"href":"https:\/\/maxradio923.com.ar\/index.php\/wp-json\/wp\/v2\/media\/16303"}],"wp:attachment":[{"href":"https:\/\/maxradio923.com.ar\/index.php\/wp-json\/wp\/v2\/media?parent=16257"}],"wp:term":[{"taxonomy":"category","embeddable":true,"href":"https:\/\/maxradio923.com.ar\/index.php\/wp-json\/wp\/v2\/categories?post=16257"},{"taxonomy":"post_tag","embeddable":true,"href":"https:\/\/maxradio923.com.ar\/index.php\/wp-json\/wp\/v2\/tags?post=16257"}],"curies":[{"name":"wp","href":"https:\/\/api.w.org\/{rel}","templated":true}]}}