{"id":16253,"date":"2024-01-13T11:22:48","date_gmt":"2024-01-13T14:22:48","guid":{"rendered":"https:\/\/maxradio923.com.ar\/index.php\/2024\/01\/13\/gramajo-a-orrego-no-le-pondremos-palos-en-la-rueda\/"},"modified":"2024-01-13T11:22:48","modified_gmt":"2024-01-13T14:22:48","slug":"gramajo-a-orrego-no-le-pondremos-palos-en-la-rueda","status":"publish","type":"post","link":"https:\/\/maxradio923.com.ar\/index.php\/2024\/01\/13\/gramajo-a-orrego-no-le-pondremos-palos-en-la-rueda\/","title":{"rendered":"Gramajo a Orrego: \u00abNo le pondremos palos en la rueda\u00bb"},"content":{"rendered":"<p><img decoding=\"async\" src=\"https:\/\/grupomorenomedios.com.ar\/wp-content\/uploads\/2024\/01\/5ab78405cc3a3d04876f8ba7bf1bd25e.jpe\"\/><\/p>\n<p><img decoding=\"async\" src=\"https:\/\/diariod3.com\/wp-content\/uploads\/2024\/01\/5ab78405cc3a3d04876f8ba7bf1bd25e.jpeg\"\/><\/p>\n<p>\u00abEs tiempo de trabajar en conjunto, no le vamos a poner palos en la rueda al gobernador, porque ha sido elegido por la voluntad popular. Hay que sumarle soluciones para que les vaya bien a todos los sanjuaninos\u00bb, expres\u00f3 Gramajo, subrayando la importancia de unir esfuerzos por el bienestar general.<\/p>\n<p>El exintendente tambi\u00e9n hizo hincapi\u00e9 en la necesidad de dejar de lado las cuestiones partidarias y trabajar de manera conjunta, proponiendo una oposici\u00f3n \u00abrespetuosa, saludable, educada, de mucho di\u00e1logo y de mucha escucha\u00bb. Enfatiz\u00f3 la importancia de contribuir al \u00e9xito del actual gobierno para el beneficio de la provincia.<\/p>\n<p>Gramajo comparti\u00f3 su visi\u00f3n sobre la oposici\u00f3n, destacando que para \u00e9l significa dialogar, consensuar y buscar soluciones, colaborando con el gobierno elegido por el pueblo. Afirm\u00f3 que desde su espacio ya est\u00e1n trabajando en conjunto, comprendiendo la importancia de enfrentar los desaf\u00edos actuales como unidad, especialmente en tiempos dif\u00edciles para el pa\u00eds.<\/p>\n<p>El gobernador Orrego, por su parte, reconoci\u00f3 la buena relaci\u00f3n que mantiene con Gramajo y la actual jefa comunal, Daniela Rodr\u00edguez. Afirm\u00f3 que ambos transitan la pol\u00edtica con pasi\u00f3n y dentro de los l\u00edmites de la gobernabilidad. Destac\u00f3 su alegr\u00eda por compartir la jornada con ellos durante el lanzamiento de las Colonias de Verano en el Camping de la Villa Observatorio.<\/p>\n<p>El gesto de apertura y disposici\u00f3n al di\u00e1logo entre Gramajo y Orrego refleja un llamado a la colaboraci\u00f3n y a superar las divisiones partidarias en pos del bienestar de la comunidad sanjuanina.<\/p>\n<p>OPERADOR: EUGENIA  VILA<\/p>\n<p>La entrada Gramajo a Orrego: \u00abNo le pondremos palos en la rueda\u00bb se public\u00f3 primero en DIARIO DIGITAL MORENO MEDIOS.<\/p>\n","protected":false},"excerpt":{"rendered":"<p>\u00abEs tiempo de trabajar en conjunto, no le vamos a poner palos en la rueda al gobernador, porque ha sido elegido por la voluntad popular. Hay que sumarle soluciones para que les vaya bien a todos los sanjuaninos\u00bb, expres\u00f3 Gramajo, subrayando la importancia de unir esfuerzos por el bienestar general. El exintendente tambi\u00e9n hizo hincapi\u00e9 [&hellip;]<\/p>\n","protected":false},"author":1,"featured_media":16254,"comment_status":"","ping_status":"","sticky":false,"template":"","format":"standard","meta":{"footnotes":""},"categories":[5],"tags":[],"_links":{"self":[{"href":"https:\/\/maxradio923.com.ar\/index.php\/wp-json\/wp\/v2\/posts\/16253"}],"collection":[{"href":"https:\/\/maxradio923.com.ar\/index.php\/wp-json\/wp\/v2\/posts"}],"about":[{"href":"https:\/\/maxradio923.com.ar\/index.php\/wp-json\/wp\/v2\/types\/post"}],"author":[{"embeddable":true,"href":"https:\/\/maxradio923.com.ar\/index.php\/wp-json\/wp\/v2\/users\/1"}],"replies":[{"embeddable":true,"href":"https:\/\/maxradio923.com.ar\/index.php\/wp-json\/wp\/v2\/comments?post=16253"}],"version-history":[{"count":0,"href":"https:\/\/maxradio923.com.ar\/index.php\/wp-json\/wp\/v2\/posts\/16253\/revisions"}],"wp:featuredmedia":[{"embeddable":true,"href":"https:\/\/maxradio923.com.ar\/index.php\/wp-json\/wp\/v2\/media\/16254"}],"wp:attachment":[{"href":"https:\/\/maxradio923.com.ar\/index.php\/wp-json\/wp\/v2\/media?parent=16253"}],"wp:term":[{"taxonomy":"category","embeddable":true,"href":"https:\/\/maxradio923.com.ar\/index.php\/wp-json\/wp\/v2\/categories?post=16253"},{"taxonomy":"post_tag","embeddable":true,"href":"https:\/\/maxradio923.com.ar\/index.php\/wp-json\/wp\/v2\/tags?post=16253"}],"curies":[{"name":"wp","href":"https:\/\/api.w.org\/{rel}","templated":true}]}}