{"id":16251,"date":"2024-01-13T11:22:39","date_gmt":"2024-01-13T14:22:39","guid":{"rendered":"https:\/\/maxradio923.com.ar\/index.php\/2024\/01\/13\/caso-emmily-rodrigues-por-que-diez-meses-despues-le-haran-una-nueva-autopsia-a-la-modelo-muerta-en-retiro\/"},"modified":"2024-01-13T11:22:39","modified_gmt":"2024-01-13T14:22:39","slug":"caso-emmily-rodrigues-por-que-diez-meses-despues-le-haran-una-nueva-autopsia-a-la-modelo-muerta-en-retiro","status":"publish","type":"post","link":"https:\/\/maxradio923.com.ar\/index.php\/2024\/01\/13\/caso-emmily-rodrigues-por-que-diez-meses-despues-le-haran-una-nueva-autopsia-a-la-modelo-muerta-en-retiro\/","title":{"rendered":"Caso Emmily Rodr\u00edgues: por qu\u00e9 diez meses despu\u00e9s le har\u00e1n una nueva autopsia a la modelo muerta en Retiro"},"content":{"rendered":"<p><img decoding=\"async\" alt=\"Allanamiento en los departamentos del liberado empresario Francisco S\u00e1enz Valiente en el barrio de Retiro. Foto: T\u00e9lam\" src=\"https:\/\/www.clarin.com\/img\/2023\/04\/20\/WSMDP3EbI_720x0__1.jpg\"\/>Allanamiento en los departamentos del liberado empresario Francisco S\u00e1enz Valiente en el barrio de Retiro. Foto: T\u00e9lam<img decoding=\"async\" alt=\"El departamento de Retiro donde cay\u00f3 la brasile\u00f1a Emmily Rodrigues Santos (26). La ventana, con los rastros de la violencia.\" src=\"https:\/\/www.clarin.com\/img\/2023\/04\/13\/RP0f3gwoT_720x0__1.jpg\"\/>El departamento de Retiro donde cay\u00f3 la brasile\u00f1a Emmily Rodrigues Santos (26). La ventana, con los rastros de la violencia.<img decoding=\"async\" alt=\"Francisco S\u00e1enz Valiente (52) y Emmily Rodrigues Santos Gomes (26).\" src=\"https:\/\/www.clarin.com\/img\/2023\/04\/12\/ki7v-pNM7_720x0__1.jpg\"\/>Francisco S\u00e1enz Valiente (52) y Emmily Rodrigues Santos Gomes (26).<img decoding=\"async\" alt=\"El departamento de Retiro donde cay\u00f3 la brasile\u00f1a Emmily Rodrigues Santos (26). La ventana, con los rastros de la violencia.\" src=\"https:\/\/www.clarin.com\/img\/2023\/04\/13\/Sh26DCiIF_720x0__1.jpg\"\/>El departamento de Retiro donde cay\u00f3 la brasile\u00f1a Emmily Rodrigues Santos (26). La ventana, con los rastros de la violencia.<img decoding=\"async\" alt=\"Frente del edificio de la calle Libertad al 1500 la mujer cay\u00f3 a un patio interno. Foto: Juano Tesone\" src=\"https:\/\/www.clarin.com\/img\/2023\/03\/31\/Yc2jRugUZ_720x0__1.jpg\"\/>Frente del edificio de la calle Libertad al 1500 la mujer cay\u00f3 a un patio interno. Foto: Juano Tesone<\/p>\n","protected":false},"excerpt":{"rendered":"<p>Allanamiento en los departamentos del liberado empresario Francisco S\u00e1enz Valiente en el barrio de Retiro. Foto: T\u00e9lamEl departamento de Retiro donde cay\u00f3 la brasile\u00f1a Emmily Rodrigues Santos (26). La ventana, con los rastros de la violencia.Francisco S\u00e1enz Valiente (52) y Emmily Rodrigues Santos Gomes (26).El departamento de Retiro donde cay\u00f3 la brasile\u00f1a Emmily Rodrigues Santos (26). La ventana, con los rastros de la violencia.Frente del edificio de la calle Libertad al 1500 la mujer cay\u00f3 a un patio interno. Foto: Juano Tesone<\/p>\n","protected":false},"author":2,"featured_media":16252,"comment_status":"","ping_status":"","sticky":false,"template":"","format":"standard","meta":{"footnotes":""},"categories":[6],"tags":[],"_links":{"self":[{"href":"https:\/\/maxradio923.com.ar\/index.php\/wp-json\/wp\/v2\/posts\/16251"}],"collection":[{"href":"https:\/\/maxradio923.com.ar\/index.php\/wp-json\/wp\/v2\/posts"}],"about":[{"href":"https:\/\/maxradio923.com.ar\/index.php\/wp-json\/wp\/v2\/types\/post"}],"author":[{"embeddable":true,"href":"https:\/\/maxradio923.com.ar\/index.php\/wp-json\/wp\/v2\/users\/2"}],"replies":[{"embeddable":true,"href":"https:\/\/maxradio923.com.ar\/index.php\/wp-json\/wp\/v2\/comments?post=16251"}],"version-history":[{"count":0,"href":"https:\/\/maxradio923.com.ar\/index.php\/wp-json\/wp\/v2\/posts\/16251\/revisions"}],"wp:featuredmedia":[{"embeddable":true,"href":"https:\/\/maxradio923.com.ar\/index.php\/wp-json\/wp\/v2\/media\/16252"}],"wp:attachment":[{"href":"https:\/\/maxradio923.com.ar\/index.php\/wp-json\/wp\/v2\/media?parent=16251"}],"wp:term":[{"taxonomy":"category","embeddable":true,"href":"https:\/\/maxradio923.com.ar\/index.php\/wp-json\/wp\/v2\/categories?post=16251"},{"taxonomy":"post_tag","embeddable":true,"href":"https:\/\/maxradio923.com.ar\/index.php\/wp-json\/wp\/v2\/tags?post=16251"}],"curies":[{"name":"wp","href":"https:\/\/api.w.org\/{rel}","templated":true}]}}