{"id":16235,"date":"2024-01-12T14:43:25","date_gmt":"2024-01-12T17:43:25","guid":{"rendered":"https:\/\/maxradio923.com.ar\/index.php\/2024\/01\/12\/pablo-moyano-donde-estan-alberto-cristina-y-massa-tendrian-que-reaccionar-convocar-y-estar-en-la-calle\/"},"modified":"2024-01-12T14:43:25","modified_gmt":"2024-01-12T17:43:25","slug":"pablo-moyano-donde-estan-alberto-cristina-y-massa-tendrian-que-reaccionar-convocar-y-estar-en-la-calle","status":"publish","type":"post","link":"https:\/\/maxradio923.com.ar\/index.php\/2024\/01\/12\/pablo-moyano-donde-estan-alberto-cristina-y-massa-tendrian-que-reaccionar-convocar-y-estar-en-la-calle\/","title":{"rendered":"Pablo Moyano: &#8220;\u00bfD\u00f3nde est\u00e1n Alberto, Cristina y Massa? Tendr\u00edan que reaccionar, convocar y estar en la calle&#8221;"},"content":{"rendered":"<p><img decoding=\"async\" alt=\"&quot;El \u00faltimo muro de contenci\u00f3n en defensa de los trabajadores es la CGT&quot;, sostuvo Moyano. Foto: Juano Tesone \" src=\"https:\/\/www.clarin.com\/img\/2024\/01\/12\/Lwz-iS-k8_720x0__1.jpg\"\/>&quot;El \u00faltimo muro de contenci\u00f3n en defensa de los trabajadores es la CGT&quot;, sostuvo Moyano. Foto: Juano Tesone <img decoding=\"async\" alt=\"&quot;En estos momentos hay que poner lo que hay que poner, se define un modelo de pa\u00eds&quot;, sentenci\u00f3. Fotos: Emmanuel Fern\u00e1ndez \" src=\"https:\/\/www.clarin.com\/img\/2023\/11\/23\/kyBEOZ1Bm_720x0__1.jpg\"\/>&quot;En estos momentos hay que poner lo que hay que poner, se define un modelo de pa\u00eds&quot;, sentenci\u00f3. Fotos: Emmanuel Fern\u00e1ndez <img decoding=\"async\" alt=\"La carta documento enviada por el Ministerio de Seguridad a las organizaciones sociales.\" src=\"https:\/\/www.clarin.com\/img\/2024\/01\/11\/TCQ7znBQj_720x0__1.jpg\"\/>La carta documento enviada por el Ministerio de Seguridad a las organizaciones sociales.<\/p>\n","protected":false},"excerpt":{"rendered":"<p>&#8220;El \u00faltimo muro de contenci\u00f3n en defensa de los trabajadores es la CGT&#8221;, sostuvo Moyano. Foto: Juano Tesone &#8220;En estos momentos hay que poner lo que hay que poner, se define un modelo de pa\u00eds&#8221;, sentenci\u00f3. Fotos: Emmanuel Fern\u00e1ndez La carta documento enviada por el Ministerio de Seguridad a las organizaciones sociales.<\/p>\n","protected":false},"author":2,"featured_media":16236,"comment_status":"","ping_status":"","sticky":false,"template":"","format":"standard","meta":{"footnotes":""},"categories":[7],"tags":[],"_links":{"self":[{"href":"https:\/\/maxradio923.com.ar\/index.php\/wp-json\/wp\/v2\/posts\/16235"}],"collection":[{"href":"https:\/\/maxradio923.com.ar\/index.php\/wp-json\/wp\/v2\/posts"}],"about":[{"href":"https:\/\/maxradio923.com.ar\/index.php\/wp-json\/wp\/v2\/types\/post"}],"author":[{"embeddable":true,"href":"https:\/\/maxradio923.com.ar\/index.php\/wp-json\/wp\/v2\/users\/2"}],"replies":[{"embeddable":true,"href":"https:\/\/maxradio923.com.ar\/index.php\/wp-json\/wp\/v2\/comments?post=16235"}],"version-history":[{"count":0,"href":"https:\/\/maxradio923.com.ar\/index.php\/wp-json\/wp\/v2\/posts\/16235\/revisions"}],"wp:featuredmedia":[{"embeddable":true,"href":"https:\/\/maxradio923.com.ar\/index.php\/wp-json\/wp\/v2\/media\/16236"}],"wp:attachment":[{"href":"https:\/\/maxradio923.com.ar\/index.php\/wp-json\/wp\/v2\/media?parent=16235"}],"wp:term":[{"taxonomy":"category","embeddable":true,"href":"https:\/\/maxradio923.com.ar\/index.php\/wp-json\/wp\/v2\/categories?post=16235"},{"taxonomy":"post_tag","embeddable":true,"href":"https:\/\/maxradio923.com.ar\/index.php\/wp-json\/wp\/v2\/tags?post=16235"}],"curies":[{"name":"wp","href":"https:\/\/api.w.org\/{rel}","templated":true}]}}