{"id":16227,"date":"2024-01-12T14:43:03","date_gmt":"2024-01-12T17:43:03","guid":{"rendered":"https:\/\/maxradio923.com.ar\/index.php\/2024\/01\/12\/colonias-de-verano-2024-adulto-mayor-de-la-residencia-eva-duarte-tambien-disfrutan-actividades-de-verano\/"},"modified":"2024-01-12T14:43:03","modified_gmt":"2024-01-12T17:43:03","slug":"colonias-de-verano-2024-adulto-mayor-de-la-residencia-eva-duarte-tambien-disfrutan-actividades-de-verano","status":"publish","type":"post","link":"https:\/\/maxradio923.com.ar\/index.php\/2024\/01\/12\/colonias-de-verano-2024-adulto-mayor-de-la-residencia-eva-duarte-tambien-disfrutan-actividades-de-verano\/","title":{"rendered":"Colonias de Verano 2024: Adulto Mayor de la Residencia Eva Duarte tambi\u00e9n disfrutan actividades de verano"},"content":{"rendered":"<p><img decoding=\"async\" src=\"https:\/\/diariod3.com\/wp-content\/uploads\/2024\/01\/b6b645fbaa17835c4ec2fe6933a3e5c6_L.jpg\"\/> M\u00e1s de 80 residentes participan de las m\u00faltiples disciplinas, opciones educativas y l\u00fadicas.       <img decoding=\"async\" src=\"https:\/\/sisanjuan.b-cdn.net\/media\/k2\/items\/cache\/b6b645fbaa17835c4ec2fe6933a3e5c6_L.jpg\" alt=\"La Residencia de Adulto Mayor Eva Duarte comenz\u00f3 las Colonias de Verano 2024\"\/>    <\/p>\n<p>En el marco de las Colonias de Verano 2024, bajo el lema Emocionarte, la Residencia de Adulto Mayor Eva Duarte dependiente de la Subsecretaria de Desarrollo Social, dio inicio a las actividades l\u00fadicas que tienen preparadas para personas mayores.<\/p>\n<p>En este sentido, los residentes disfrutan de actividades tales como juegos de mesa, arte, canto, baile, tejo y gimnasia, entre otras, siendo algunas de las propuestas que los adultos realizan guiados por los monitores que buscan contener y estimular a las y los residentes.<\/p>\n<p>M\u00e1s de 80 residentes participan activamente de las distintas disciplinas y opciones educativas como l\u00fadicas, que pretenden favorecer la inclusi\u00f3n de esta franja etaria.<\/p>\n<p>La directora de la Residencia de Adulto Mayor Eva Duarte, Fernanda Vives, destac\u00f3 \u201ces fundamental que las personas mayores realicen estas actividades que mejoran su calidad de vida, es por ellos, que preparamos una bater\u00eda de actividades para que logren pasar un verano distinto\u201d<\/p>\n<p>Por \u00faltimo, Vives, dio cuenta de la importancia y destac\u00f3 \u201ccon cada una de las acciones buscamos abordar el entorno social generando una propuesta de participaci\u00f3n en actividades socioculturales con los residentes, pero tambi\u00e9n con la comunidad con la que estamos muy comprometidos\u201d.<\/p>\n<p>Cabe destacar que en un trabajo articulado la Direcci\u00f3n de Pol\u00edticas para el Adulto Mayor ha contemplado actividades itinerantes para el \u00e1rea como tambi\u00e9n para los 19 departamentos.<\/p>\n<p>De esta manera, la cartera social, apunta a estimular a las personas mayores logrando que esto impacte de manera positiva en su salud mental, por la interacci\u00f3n social que realizan diariamente.<\/p>\n","protected":false},"excerpt":{"rendered":"<p>M\u00e1s de 80 residentes participan de las m\u00faltiples disciplinas, opciones educativas y l\u00fadicas. En el marco de las Colonias de Verano 2024, bajo el lema Emocionarte, la Residencia de Adulto Mayor Eva Duarte dependiente de la Subsecretaria de Desarrollo Social, dio inicio a las actividades l\u00fadicas que tienen preparadas para personas mayores.<br \/>\n En este sentido, los residentes disfrutan de actividades tales como juegos de mesa, arte, canto, baile, tejo y gimnasia, entre otras, siendo algunas de las propuestas que los adultos realizan guiados por los monitores que buscan contener y estimular a las y los residentes.<br \/>\n M\u00e1s de 80 residentes participan activamente de las distintas disciplinas y opciones educativas como l\u00fadicas, que pretenden favorecer la inclusi\u00f3n de esta franja etaria.<br \/>\n La directora de la Residencia de Adulto Mayor Eva Duarte, Fernanda Vives, destac\u00f3 \u201ces fundamental que las personas mayores realicen estas actividades que mejoran su calidad de vida, es por ellos, que preparamos una..<\/p>\n","protected":false},"author":2,"featured_media":16228,"comment_status":"","ping_status":"","sticky":false,"template":"","format":"standard","meta":{"footnotes":""},"categories":[8],"tags":[],"_links":{"self":[{"href":"https:\/\/maxradio923.com.ar\/index.php\/wp-json\/wp\/v2\/posts\/16227"}],"collection":[{"href":"https:\/\/maxradio923.com.ar\/index.php\/wp-json\/wp\/v2\/posts"}],"about":[{"href":"https:\/\/maxradio923.com.ar\/index.php\/wp-json\/wp\/v2\/types\/post"}],"author":[{"embeddable":true,"href":"https:\/\/maxradio923.com.ar\/index.php\/wp-json\/wp\/v2\/users\/2"}],"replies":[{"embeddable":true,"href":"https:\/\/maxradio923.com.ar\/index.php\/wp-json\/wp\/v2\/comments?post=16227"}],"version-history":[{"count":0,"href":"https:\/\/maxradio923.com.ar\/index.php\/wp-json\/wp\/v2\/posts\/16227\/revisions"}],"wp:featuredmedia":[{"embeddable":true,"href":"https:\/\/maxradio923.com.ar\/index.php\/wp-json\/wp\/v2\/media\/16228"}],"wp:attachment":[{"href":"https:\/\/maxradio923.com.ar\/index.php\/wp-json\/wp\/v2\/media?parent=16227"}],"wp:term":[{"taxonomy":"category","embeddable":true,"href":"https:\/\/maxradio923.com.ar\/index.php\/wp-json\/wp\/v2\/categories?post=16227"},{"taxonomy":"post_tag","embeddable":true,"href":"https:\/\/maxradio923.com.ar\/index.php\/wp-json\/wp\/v2\/tags?post=16227"}],"curies":[{"name":"wp","href":"https:\/\/api.w.org\/{rel}","templated":true}]}}