{"id":16225,"date":"2024-01-12T14:43:03","date_gmt":"2024-01-12T17:43:03","guid":{"rendered":"https:\/\/maxradio923.com.ar\/index.php\/2024\/01\/12\/condenan-a-casi-3-anos-de-prision-a-hombre-que-agredio-y-amenazo-a-su-expareja-con-una-tijera\/"},"modified":"2024-01-12T14:43:03","modified_gmt":"2024-01-12T17:43:03","slug":"condenan-a-casi-3-anos-de-prision-a-hombre-que-agredio-y-amenazo-a-su-expareja-con-una-tijera","status":"publish","type":"post","link":"https:\/\/maxradio923.com.ar\/index.php\/2024\/01\/12\/condenan-a-casi-3-anos-de-prision-a-hombre-que-agredio-y-amenazo-a-su-expareja-con-una-tijera\/","title":{"rendered":"Condenan a casi 3 a\u00f1os de prisi\u00f3n a hombre que agredi\u00f3 y amenaz\u00f3 a su expareja con una tijera"},"content":{"rendered":"<p><img decoding=\"async\" src=\"https:\/\/diariod3.com\/wp-content\/uploads\/2024\/01\/penal.webp\"\/> <\/p>\n<p>Un hombre fue sentenciado a casi tres a\u00f1os de prisi\u00f3n por agredir y amenazar de muerte a su expareja, a quien le clav\u00f3 una tijera en una de sus piernas. La pareja, que estuvo junta por m\u00e1s de un a\u00f1o, vivi\u00f3 una relaci\u00f3n marcada por la violencia f\u00edsica y verbal.<\/p>\n<p>Los hechos ocurrieron el pasado 10 de enero, cuando el acusado ingres\u00f3 a la casa de la v\u00edctima por una ventana. Tras forcejear, la tir\u00f3 al suelo y la golpe\u00f3 en el rostro. La agresi\u00f3n no se detuvo ah\u00ed, ya que el agresor tom\u00f3 una tijera, la amenaz\u00f3 con matarla y finalmente le clav\u00f3 el objeto cortante en una de sus piernas.<\/p>\n<p>La resoluci\u00f3n del caso tuvo lugar este viernes durante la audiencia de Control de Detenci\u00f3n y Formalizaci\u00f3n IPP, donde se lleg\u00f3 a la soluci\u00f3n de Juicio Abreviado. En este contexto, el acusado fue condenado a cumplir la pena de 1 a\u00f1o y 3 meses de prisi\u00f3n de cumplimiento efectivo en el Servicio Penitenciario Provincial. La condena se fundamenta en la responsabilidad penal del agresor por los delitos de lesiones leves agravadas por el v\u00ednculo, amenazas agravadas (dos hechos), violaci\u00f3n de domicilio (dos cargos) y desobediencia.<\/p>\n<p>Esta pena se suma a la impuesta anteriormente, conformando un total de 2 a\u00f1os y 9 meses de prisi\u00f3n para el agresor. La sentencia busca poner fin a un ciclo de violencia que marc\u00f3 la relaci\u00f3n entre ambos y enviar un mensaje claro sobre la gravedad de tales actos, protegiendo as\u00ed a la v\u00edctima y reforzando el compromiso del sistema judicial contra la violencia de g\u00e9nero.<\/p>\n","protected":false},"excerpt":{"rendered":"<p>Un hombre fue sentenciado a casi tres a\u00f1os de prisi\u00f3n por agredir y amenazar de muerte a su expareja, a quien le clav\u00f3 una tijera en una de sus piernas. La pareja, que estuvo junta por m\u00e1s de un a\u00f1o, vivi\u00f3 una relaci\u00f3n marcada por la violencia f\u00edsica y verbal.<br \/>\n Los hechos ocurrieron el pasado 10 de enero, cuando el acusado ingres\u00f3 a la casa de la v\u00edctima por una ventana. Tras forcejear, la tir\u00f3 al suelo y la golpe\u00f3 en el rostro. La agresi\u00f3n no se detuvo ah\u00ed, ya que el agresor tom\u00f3 una tijera, la amenaz\u00f3 con matarla y finalmente le clav\u00f3 el objeto cortante en una de sus piernas.<br \/>\n La resoluci\u00f3n del caso tuvo lugar este viernes durante la audiencia de Control de Detenci\u00f3n y Formalizaci\u00f3n IPP, donde se lleg\u00f3 a la soluci\u00f3n de Juicio Abreviado. En este contexto, el acusado fue condenado a cumplir la pena de 1 a\u00f1o y 3 meses de prisi\u00f3n de cumplimiento efectivo en el Servicio Penitenciario Provincial. La condena se fundamenta en la responsabilidad penal del agresor por los delitos de lesiones l..<\/p>\n","protected":false},"author":2,"featured_media":16226,"comment_status":"","ping_status":"","sticky":false,"template":"","format":"standard","meta":{"footnotes":""},"categories":[8],"tags":[],"_links":{"self":[{"href":"https:\/\/maxradio923.com.ar\/index.php\/wp-json\/wp\/v2\/posts\/16225"}],"collection":[{"href":"https:\/\/maxradio923.com.ar\/index.php\/wp-json\/wp\/v2\/posts"}],"about":[{"href":"https:\/\/maxradio923.com.ar\/index.php\/wp-json\/wp\/v2\/types\/post"}],"author":[{"embeddable":true,"href":"https:\/\/maxradio923.com.ar\/index.php\/wp-json\/wp\/v2\/users\/2"}],"replies":[{"embeddable":true,"href":"https:\/\/maxradio923.com.ar\/index.php\/wp-json\/wp\/v2\/comments?post=16225"}],"version-history":[{"count":0,"href":"https:\/\/maxradio923.com.ar\/index.php\/wp-json\/wp\/v2\/posts\/16225\/revisions"}],"wp:featuredmedia":[{"embeddable":true,"href":"https:\/\/maxradio923.com.ar\/index.php\/wp-json\/wp\/v2\/media\/16226"}],"wp:attachment":[{"href":"https:\/\/maxradio923.com.ar\/index.php\/wp-json\/wp\/v2\/media?parent=16225"}],"wp:term":[{"taxonomy":"category","embeddable":true,"href":"https:\/\/maxradio923.com.ar\/index.php\/wp-json\/wp\/v2\/categories?post=16225"},{"taxonomy":"post_tag","embeddable":true,"href":"https:\/\/maxradio923.com.ar\/index.php\/wp-json\/wp\/v2\/tags?post=16225"}],"curies":[{"name":"wp","href":"https:\/\/api.w.org\/{rel}","templated":true}]}}