{"id":16215,"date":"2024-01-12T14:42:43","date_gmt":"2024-01-12T17:42:43","guid":{"rendered":"https:\/\/maxradio923.com.ar\/index.php\/2024\/01\/12\/murio-un-policia-de-la-ciudad-que-habia-sido-baleado-por-ladrones-en-isidro-casanova\/"},"modified":"2024-01-12T14:42:43","modified_gmt":"2024-01-12T17:42:43","slug":"murio-un-policia-de-la-ciudad-que-habia-sido-baleado-por-ladrones-en-isidro-casanova","status":"publish","type":"post","link":"https:\/\/maxradio923.com.ar\/index.php\/2024\/01\/12\/murio-un-policia-de-la-ciudad-que-habia-sido-baleado-por-ladrones-en-isidro-casanova\/","title":{"rendered":"Muri\u00f3 un polic\u00eda de la Ciudad que hab\u00eda sido baleado por ladrones en Isidro Casanova"},"content":{"rendered":"<ul>\n<li>El oficial recibi\u00f3 tres heridas de bala el pasado 30 de noviembre cuando fue a buscar a su hija a un cumplea\u00f1os.<\/li>\n<li>Estuvo 42 d\u00edas internado en estado de coma.<\/li>\n<\/ul>\n","protected":false},"excerpt":{"rendered":"<p>El oficial recibi\u00f3 tres heridas de bala el pasado 30 de noviembre cuando fue a buscar a su hija a un cumplea\u00f1os.Estuvo 42 d\u00edas internado en estado de coma.<\/p>\n","protected":false},"author":2,"featured_media":16216,"comment_status":"","ping_status":"","sticky":false,"template":"","format":"standard","meta":{"footnotes":""},"categories":[6],"tags":[],"_links":{"self":[{"href":"https:\/\/maxradio923.com.ar\/index.php\/wp-json\/wp\/v2\/posts\/16215"}],"collection":[{"href":"https:\/\/maxradio923.com.ar\/index.php\/wp-json\/wp\/v2\/posts"}],"about":[{"href":"https:\/\/maxradio923.com.ar\/index.php\/wp-json\/wp\/v2\/types\/post"}],"author":[{"embeddable":true,"href":"https:\/\/maxradio923.com.ar\/index.php\/wp-json\/wp\/v2\/users\/2"}],"replies":[{"embeddable":true,"href":"https:\/\/maxradio923.com.ar\/index.php\/wp-json\/wp\/v2\/comments?post=16215"}],"version-history":[{"count":0,"href":"https:\/\/maxradio923.com.ar\/index.php\/wp-json\/wp\/v2\/posts\/16215\/revisions"}],"wp:featuredmedia":[{"embeddable":true,"href":"https:\/\/maxradio923.com.ar\/index.php\/wp-json\/wp\/v2\/media\/16216"}],"wp:attachment":[{"href":"https:\/\/maxradio923.com.ar\/index.php\/wp-json\/wp\/v2\/media?parent=16215"}],"wp:term":[{"taxonomy":"category","embeddable":true,"href":"https:\/\/maxradio923.com.ar\/index.php\/wp-json\/wp\/v2\/categories?post=16215"},{"taxonomy":"post_tag","embeddable":true,"href":"https:\/\/maxradio923.com.ar\/index.php\/wp-json\/wp\/v2\/tags?post=16215"}],"curies":[{"name":"wp","href":"https:\/\/api.w.org\/{rel}","templated":true}]}}