{"id":16203,"date":"2024-01-12T14:41:30","date_gmt":"2024-01-12T17:41:30","guid":{"rendered":"https:\/\/maxradio923.com.ar\/index.php\/2024\/01\/12\/cata-la-nena-que-amaba-los-caballos-y-un-desgraciado-final-en-una-ruta-de-la-costa\/"},"modified":"2024-01-12T14:41:30","modified_gmt":"2024-01-12T17:41:30","slug":"cata-la-nena-que-amaba-los-caballos-y-un-desgraciado-final-en-una-ruta-de-la-costa","status":"publish","type":"post","link":"https:\/\/maxradio923.com.ar\/index.php\/2024\/01\/12\/cata-la-nena-que-amaba-los-caballos-y-un-desgraciado-final-en-una-ruta-de-la-costa\/","title":{"rendered":"Cata, la nena que amaba los caballos y un desgraciado final en una ruta de la Costa"},"content":{"rendered":"<ul>\n<li>Ten\u00eda 12 a\u00f1os y muri\u00f3 el s\u00e1bado pasado al volcar el auto en el que iba con su mam\u00e1, a 10 kil\u00f3metros de Pinamar, en el inicio de sus vacaciones.<\/li>\n<li>El doloroso recuerdo de su pap\u00e1, con quien se ir\u00eda luego a las monta\u00f1as de C\u00f3rdoba. Este a\u00f1o empezaba el secundario en Castelar.<\/li>\n<\/ul>\n","protected":false},"excerpt":{"rendered":"<p>Ten\u00eda 12 a\u00f1os y muri\u00f3 el s\u00e1bado pasado al volcar el auto en el que iba con su mam\u00e1, a 10 kil\u00f3metros de Pinamar, en el inicio de sus vacaciones.El doloroso recuerdo de su pap\u00e1, con quien se ir\u00eda luego a las monta\u00f1as de C\u00f3rdoba. Este a\u00f1o empezaba el secundario en Castelar.<\/p>\n","protected":false},"author":2,"featured_media":16204,"comment_status":"","ping_status":"","sticky":false,"template":"","format":"standard","meta":{"footnotes":""},"categories":[9],"tags":[],"_links":{"self":[{"href":"https:\/\/maxradio923.com.ar\/index.php\/wp-json\/wp\/v2\/posts\/16203"}],"collection":[{"href":"https:\/\/maxradio923.com.ar\/index.php\/wp-json\/wp\/v2\/posts"}],"about":[{"href":"https:\/\/maxradio923.com.ar\/index.php\/wp-json\/wp\/v2\/types\/post"}],"author":[{"embeddable":true,"href":"https:\/\/maxradio923.com.ar\/index.php\/wp-json\/wp\/v2\/users\/2"}],"replies":[{"embeddable":true,"href":"https:\/\/maxradio923.com.ar\/index.php\/wp-json\/wp\/v2\/comments?post=16203"}],"version-history":[{"count":0,"href":"https:\/\/maxradio923.com.ar\/index.php\/wp-json\/wp\/v2\/posts\/16203\/revisions"}],"wp:featuredmedia":[{"embeddable":true,"href":"https:\/\/maxradio923.com.ar\/index.php\/wp-json\/wp\/v2\/media\/16204"}],"wp:attachment":[{"href":"https:\/\/maxradio923.com.ar\/index.php\/wp-json\/wp\/v2\/media?parent=16203"}],"wp:term":[{"taxonomy":"category","embeddable":true,"href":"https:\/\/maxradio923.com.ar\/index.php\/wp-json\/wp\/v2\/categories?post=16203"},{"taxonomy":"post_tag","embeddable":true,"href":"https:\/\/maxradio923.com.ar\/index.php\/wp-json\/wp\/v2\/tags?post=16203"}],"curies":[{"name":"wp","href":"https:\/\/api.w.org\/{rel}","templated":true}]}}