{"id":16199,"date":"2024-01-12T14:41:24","date_gmt":"2024-01-12T17:41:24","guid":{"rendered":"https:\/\/maxradio923.com.ar\/index.php\/2024\/01\/12\/secretaria-de-turismo-de-san-juan-inicia-colaboracion-estrecha-con-departamentos-para-impulsar-el-turismo-local\/"},"modified":"2024-01-12T14:41:24","modified_gmt":"2024-01-12T17:41:24","slug":"secretaria-de-turismo-de-san-juan-inicia-colaboracion-estrecha-con-departamentos-para-impulsar-el-turismo-local","status":"publish","type":"post","link":"https:\/\/maxradio923.com.ar\/index.php\/2024\/01\/12\/secretaria-de-turismo-de-san-juan-inicia-colaboracion-estrecha-con-departamentos-para-impulsar-el-turismo-local\/","title":{"rendered":"Secretaria de Turismo de San Juan Inicia Colaboraci\u00f3n Estrecha con Departamentos para Impulsar el Turismo Local"},"content":{"rendered":"<p><img decoding=\"async\" src=\"https:\/\/diariod3.com\/wp-content\/uploads\/2024\/01\/turismo3.jpg\"\/> La secretaria, Bel\u00e9n Barboza, se reuni\u00f3 con referentes del \u00e1rea de cada municipio.        <img decoding=\"async\" src=\"https:\/\/sisanjuan.b-cdn.net\/media\/k2\/items\/cache\/568365ad68f07a25929115765530ff70_L.jpg\" alt=\"Turismo trabaja con los departamentos\"\/> Fotos: Adri\u00e1n Carrizo    <\/p>\n<p>La secretaria de Turismo, Bel\u00e9n Barboza, junto al equipo t\u00e9cnico de la Secretar\u00eda, se reuni\u00f3 por primera vez con referentes y directores de turismo departamentales. El objetivo fue conocer las inquietudes y necesidades para poder sentar las bases para el dise\u00f1o de un plan de trabajo con cada departamento.<\/p>\n<p>Durante el encuentro se inform\u00f3 sobre las campa\u00f1as de difusi\u00f3n de las actividades de verano, del Ministerio de Turismo, Cultura y Deporte. Adem\u00e1s, se present\u00f3 y detall\u00f3 sobre el nuevo programa de promoci\u00f3n tur\u00edstica \u00abSan Juan para Sanjuaninos\u00bb, invitando a cada municipio a difundir y ser parte de esta iniciativa.<\/p>\n<p>Durante la reuni\u00f3n, se pidi\u00f3 a cada referente departamental a sumarse a la creaci\u00f3n de una red colaborativa con el firme prop\u00f3sito de posicionar a San Juan como destino tur\u00edstico destacado y se puso a disposici\u00f3n todo el equipo t\u00e9cnico para dar respuesta y apoyo a las necesidades.<\/p>\n<p>Este encuentro marca el inicio de una colaboraci\u00f3n estrecha entre la Secretar\u00eda de Turismo y los referentes de esa \u00e1rea de cada departamento, trabajando de la mano para potenciar y promover las riquezas tur\u00edsticas de cada regi\u00f3n.<\/p>\n","protected":false},"excerpt":{"rendered":"<p>La secretaria, Bel\u00e9n Barboza, se reuni\u00f3 con referentes del \u00e1rea de cada municipio. Fotos: Adri\u00e1n Carrizo La secretaria de Turismo, Bel\u00e9n Barboza, junto al equipo t\u00e9cnico de la Secretar\u00eda, se reuni\u00f3 por primera vez con referentes y directores de turismo departamentales. El objetivo fue conocer las inquietudes y necesidades para poder sentar las bases para el dise\u00f1o de un plan de trabajo con cada departamento.<br \/>\n Durante el encuentro se inform\u00f3 sobre las campa\u00f1as de difusi\u00f3n de las actividades de verano, del Ministerio de Turismo, Cultura y Deporte. Adem\u00e1s, se present\u00f3 y detall\u00f3 sobre el nuevo programa de promoci\u00f3n tur\u00edstica \u00abSan Juan para Sanjuaninos\u00bb, invitando a cada municipio a difundir y ser parte de esta iniciativa.<br \/>\n Durante la reuni\u00f3n, se pidi\u00f3 a cada referente departamental a sumarse a la creaci\u00f3n de una red colaborativa con el firme prop\u00f3sito de posicionar a San Juan como destino tur\u00edstico destacado y se puso a disposici\u00f3n todo el equipo t\u00e9cnico para dar respuesta y apoyo a las ne..<\/p>\n","protected":false},"author":2,"featured_media":16200,"comment_status":"","ping_status":"","sticky":false,"template":"","format":"standard","meta":{"footnotes":""},"categories":[10],"tags":[],"_links":{"self":[{"href":"https:\/\/maxradio923.com.ar\/index.php\/wp-json\/wp\/v2\/posts\/16199"}],"collection":[{"href":"https:\/\/maxradio923.com.ar\/index.php\/wp-json\/wp\/v2\/posts"}],"about":[{"href":"https:\/\/maxradio923.com.ar\/index.php\/wp-json\/wp\/v2\/types\/post"}],"author":[{"embeddable":true,"href":"https:\/\/maxradio923.com.ar\/index.php\/wp-json\/wp\/v2\/users\/2"}],"replies":[{"embeddable":true,"href":"https:\/\/maxradio923.com.ar\/index.php\/wp-json\/wp\/v2\/comments?post=16199"}],"version-history":[{"count":0,"href":"https:\/\/maxradio923.com.ar\/index.php\/wp-json\/wp\/v2\/posts\/16199\/revisions"}],"wp:featuredmedia":[{"embeddable":true,"href":"https:\/\/maxradio923.com.ar\/index.php\/wp-json\/wp\/v2\/media\/16200"}],"wp:attachment":[{"href":"https:\/\/maxradio923.com.ar\/index.php\/wp-json\/wp\/v2\/media?parent=16199"}],"wp:term":[{"taxonomy":"category","embeddable":true,"href":"https:\/\/maxradio923.com.ar\/index.php\/wp-json\/wp\/v2\/categories?post=16199"},{"taxonomy":"post_tag","embeddable":true,"href":"https:\/\/maxradio923.com.ar\/index.php\/wp-json\/wp\/v2\/tags?post=16199"}],"curies":[{"name":"wp","href":"https:\/\/api.w.org\/{rel}","templated":true}]}}