{"id":16193,"date":"2024-01-12T14:40:42","date_gmt":"2024-01-12T17:40:42","guid":{"rendered":"https:\/\/maxradio923.com.ar\/index.php\/2024\/01\/12\/al-final-federico-sturzenegger-asume-un-cargo-oficial-y-va-a-trabajar-en-olivos-con-javier-milei\/"},"modified":"2024-01-12T14:40:42","modified_gmt":"2024-01-12T17:40:42","slug":"al-final-federico-sturzenegger-asume-un-cargo-oficial-y-va-a-trabajar-en-olivos-con-javier-milei","status":"publish","type":"post","link":"https:\/\/maxradio923.com.ar\/index.php\/2024\/01\/12\/al-final-federico-sturzenegger-asume-un-cargo-oficial-y-va-a-trabajar-en-olivos-con-javier-milei\/","title":{"rendered":"Al final, Federico Sturzenegger asume un cargo oficial y va a trabajar en Olivos con Javier Milei"},"content":{"rendered":"<ul>\n<li>El ex titular del Banco Central estar\u00e1 al frente de la &quot;Unidad Transitoria de Desregulaci\u00f3n de la Econom\u00eda&quot;.<\/li>\n<li>Ocupar\u00e1 una oficina en la residencia presidencial y analizar\u00e1 m\u00e1s decretos para derogar.<\/li>\n<\/ul>\n","protected":false},"excerpt":{"rendered":"<p>El ex titular del Banco Central estar\u00e1 al frente de la &#8220;Unidad Transitoria de Desregulaci\u00f3n de la Econom\u00eda&#8221;.Ocupar\u00e1 una oficina en la residencia presidencial y analizar\u00e1 m\u00e1s decretos para derogar.<\/p>\n","protected":false},"author":2,"featured_media":16194,"comment_status":"","ping_status":"","sticky":false,"template":"","format":"standard","meta":{"footnotes":""},"categories":[7],"tags":[],"_links":{"self":[{"href":"https:\/\/maxradio923.com.ar\/index.php\/wp-json\/wp\/v2\/posts\/16193"}],"collection":[{"href":"https:\/\/maxradio923.com.ar\/index.php\/wp-json\/wp\/v2\/posts"}],"about":[{"href":"https:\/\/maxradio923.com.ar\/index.php\/wp-json\/wp\/v2\/types\/post"}],"author":[{"embeddable":true,"href":"https:\/\/maxradio923.com.ar\/index.php\/wp-json\/wp\/v2\/users\/2"}],"replies":[{"embeddable":true,"href":"https:\/\/maxradio923.com.ar\/index.php\/wp-json\/wp\/v2\/comments?post=16193"}],"version-history":[{"count":0,"href":"https:\/\/maxradio923.com.ar\/index.php\/wp-json\/wp\/v2\/posts\/16193\/revisions"}],"wp:featuredmedia":[{"embeddable":true,"href":"https:\/\/maxradio923.com.ar\/index.php\/wp-json\/wp\/v2\/media\/16194"}],"wp:attachment":[{"href":"https:\/\/maxradio923.com.ar\/index.php\/wp-json\/wp\/v2\/media?parent=16193"}],"wp:term":[{"taxonomy":"category","embeddable":true,"href":"https:\/\/maxradio923.com.ar\/index.php\/wp-json\/wp\/v2\/categories?post=16193"},{"taxonomy":"post_tag","embeddable":true,"href":"https:\/\/maxradio923.com.ar\/index.php\/wp-json\/wp\/v2\/tags?post=16193"}],"curies":[{"name":"wp","href":"https:\/\/api.w.org\/{rel}","templated":true}]}}