{"id":16189,"date":"2024-01-12T14:40:19","date_gmt":"2024-01-12T17:40:19","guid":{"rendered":"https:\/\/maxradio923.com.ar\/index.php\/2024\/01\/12\/quico-de-el-chavo-cumple-80-anos-su-enfermedad-y-el-amor-con-dona-florinda\/"},"modified":"2024-01-12T14:43:10","modified_gmt":"2024-01-12T17:43:10","slug":"quico-de-el-chavo-cumple-80-anos-su-enfermedad-y-el-amor-con-dona-florinda","status":"publish","type":"post","link":"https:\/\/maxradio923.com.ar\/index.php\/2024\/01\/12\/quico-de-el-chavo-cumple-80-anos-su-enfermedad-y-el-amor-con-dona-florinda\/","title":{"rendered":"Quico, de El Chavo, cumple 80 a\u00f1os: su enfermedad y el amor con Do\u00f1a Florinda"},"content":{"rendered":"<ul>\n<li>Carlos Villagr\u00e1n interpretaba al ni\u00f1o con mofletes enormes.<\/li>\n<li>En noviembre del 2023 cont\u00f3 que se oper\u00f3 de c\u00e1ncer de pr\u00f3stata. Su romance.<\/li>\n<\/ul>\n","protected":false},"excerpt":{"rendered":"<p>Carlos Villagr\u00e1n interpretaba al ni\u00f1o con mofletes enormes. En noviembre del 2023 cont\u00f3 que se oper\u00f3 de c\u00e1ncer de pr\u00f3stata. Su romance.<\/p>\n","protected":false},"author":2,"featured_media":16230,"comment_status":"closed","ping_status":"","sticky":false,"template":"","format":"standard","meta":{"footnotes":""},"categories":[4],"tags":[],"_links":{"self":[{"href":"https:\/\/maxradio923.com.ar\/index.php\/wp-json\/wp\/v2\/posts\/16189"}],"collection":[{"href":"https:\/\/maxradio923.com.ar\/index.php\/wp-json\/wp\/v2\/posts"}],"about":[{"href":"https:\/\/maxradio923.com.ar\/index.php\/wp-json\/wp\/v2\/types\/post"}],"author":[{"embeddable":true,"href":"https:\/\/maxradio923.com.ar\/index.php\/wp-json\/wp\/v2\/users\/2"}],"replies":[{"embeddable":true,"href":"https:\/\/maxradio923.com.ar\/index.php\/wp-json\/wp\/v2\/comments?post=16189"}],"version-history":[{"count":1,"href":"https:\/\/maxradio923.com.ar\/index.php\/wp-json\/wp\/v2\/posts\/16189\/revisions"}],"predecessor-version":[{"id":16229,"href":"https:\/\/maxradio923.com.ar\/index.php\/wp-json\/wp\/v2\/posts\/16189\/revisions\/16229"}],"wp:featuredmedia":[{"embeddable":true,"href":"https:\/\/maxradio923.com.ar\/index.php\/wp-json\/wp\/v2\/media\/16230"}],"wp:attachment":[{"href":"https:\/\/maxradio923.com.ar\/index.php\/wp-json\/wp\/v2\/media?parent=16189"}],"wp:term":[{"taxonomy":"category","embeddable":true,"href":"https:\/\/maxradio923.com.ar\/index.php\/wp-json\/wp\/v2\/categories?post=16189"},{"taxonomy":"post_tag","embeddable":true,"href":"https:\/\/maxradio923.com.ar\/index.php\/wp-json\/wp\/v2\/tags?post=16189"}],"curies":[{"name":"wp","href":"https:\/\/api.w.org\/{rel}","templated":true}]}}