{"id":16187,"date":"2024-01-12T14:40:12","date_gmt":"2024-01-12T17:40:12","guid":{"rendered":"https:\/\/maxradio923.com.ar\/index.php\/2024\/01\/12\/el-sector-exportador-de-la-provincia-recibe-capacitaciones-sobre-normas-iram\/"},"modified":"2024-01-12T14:40:12","modified_gmt":"2024-01-12T17:40:12","slug":"el-sector-exportador-de-la-provincia-recibe-capacitaciones-sobre-normas-iram","status":"publish","type":"post","link":"https:\/\/maxradio923.com.ar\/index.php\/2024\/01\/12\/el-sector-exportador-de-la-provincia-recibe-capacitaciones-sobre-normas-iram\/","title":{"rendered":"El sector exportador de la Provincia recibe capacitaciones sobre Normas IRAM"},"content":{"rendered":"<p><img decoding=\"async\" src=\"https:\/\/diariod3.com\/wp-content\/uploads\/2024\/01\/e9f317d751172ce67d2b0c4338aa1b98_L.jpg\"\/> La cartera de Producci\u00f3n se reuni\u00f3 con Daniel Cano, consultor de Calidad de la UISJ; y el Gerente Regional de IRAM, Gast\u00f3n Olibano.        <img decoding=\"async\" src=\"https:\/\/sisanjuan.b-cdn.net\/media\/k2\/items\/cache\/e9f317d751172ce67d2b0c4338aa1b98_L.jpg\" alt=\"Se realizar\u00e1n capacitaciones sobre Normas IRAM para el sector exportador de San Juan\"\/>    <\/p>\n<p>En el encuentro se analizaron distintas propuestas para llevar adelante capacitaciones sobre las certificaciones de IRAM en huellas de carbono, tanto a nivel gubernamental como en industrias y comercios.<\/p>\n<p>\u00abEl conocimiento sobre estos temas ser\u00e1 clave, con el objetivo de cumplir con los requerimientos para exportar en algunos pa\u00edses a partir del 2030\u00bb, explic\u00f3 el secretario de Industria, Comercio y Servicios, Alejandro Mart\u00edn. Tambi\u00e9n se coordinar\u00e1n actividades de formaci\u00f3n sobre el desarrollo y aprobaci\u00f3n de proveedores.<\/p>\n<p>Por \u00faltimo, se acord\u00f3 crear un plan estrat\u00e9gico de trabajo en conjunto para unificar los criterios desde el gobierno para acompa\u00f1ar y potenciar al sector exportador de San Juan.<\/p>\n","protected":false},"excerpt":{"rendered":"<p>La cartera de Producci\u00f3n se reuni\u00f3 con Daniel Cano, consultor de Calidad de la UISJ; y el Gerente Regional de IRAM, Gast\u00f3n Olibano. En el encuentro se analizaron distintas propuestas para llevar adelante capacitaciones sobre las certificaciones de IRAM en huellas de carbono, tanto a nivel gubernamental como en industrias y comercios.<br \/>\n \u00abEl conocimiento sobre estos temas ser\u00e1 clave, con el objetivo de cumplir con los requerimientos para exportar en algunos pa\u00edses a partir del 2030\u00bb, explic\u00f3 el secretario de Industria, Comercio y Servicios, Alejandro Mart\u00edn. Tambi\u00e9n se coordinar\u00e1n actividades de formaci\u00f3n sobre el desarrollo y aprobaci\u00f3n de proveedores.<br \/>\n Por \u00faltimo, se acord\u00f3 crear un plan estrat\u00e9gico de trabajo en conjunto para unificar los criterios desde el gobierno para acompa\u00f1ar y potenciar al sector exportador de San Juan.<\/p>\n","protected":false},"author":2,"featured_media":16188,"comment_status":"","ping_status":"","sticky":false,"template":"","format":"standard","meta":{"footnotes":""},"categories":[8],"tags":[],"_links":{"self":[{"href":"https:\/\/maxradio923.com.ar\/index.php\/wp-json\/wp\/v2\/posts\/16187"}],"collection":[{"href":"https:\/\/maxradio923.com.ar\/index.php\/wp-json\/wp\/v2\/posts"}],"about":[{"href":"https:\/\/maxradio923.com.ar\/index.php\/wp-json\/wp\/v2\/types\/post"}],"author":[{"embeddable":true,"href":"https:\/\/maxradio923.com.ar\/index.php\/wp-json\/wp\/v2\/users\/2"}],"replies":[{"embeddable":true,"href":"https:\/\/maxradio923.com.ar\/index.php\/wp-json\/wp\/v2\/comments?post=16187"}],"version-history":[{"count":0,"href":"https:\/\/maxradio923.com.ar\/index.php\/wp-json\/wp\/v2\/posts\/16187\/revisions"}],"wp:featuredmedia":[{"embeddable":true,"href":"https:\/\/maxradio923.com.ar\/index.php\/wp-json\/wp\/v2\/media\/16188"}],"wp:attachment":[{"href":"https:\/\/maxradio923.com.ar\/index.php\/wp-json\/wp\/v2\/media?parent=16187"}],"wp:term":[{"taxonomy":"category","embeddable":true,"href":"https:\/\/maxradio923.com.ar\/index.php\/wp-json\/wp\/v2\/categories?post=16187"},{"taxonomy":"post_tag","embeddable":true,"href":"https:\/\/maxradio923.com.ar\/index.php\/wp-json\/wp\/v2\/tags?post=16187"}],"curies":[{"name":"wp","href":"https:\/\/api.w.org\/{rel}","templated":true}]}}