{"id":16183,"date":"2024-01-12T14:39:58","date_gmt":"2024-01-12T17:39:58","guid":{"rendered":"https:\/\/maxradio923.com.ar\/index.php\/2024\/01\/12\/adorni-afirmo-que-el-gobierno-nacional-logro-evitar-una-hiperinflacion-2\/"},"modified":"2024-01-12T14:42:58","modified_gmt":"2024-01-12T17:42:58","slug":"adorni-afirmo-que-el-gobierno-nacional-logro-evitar-una-hiperinflacion-2","status":"publish","type":"post","link":"https:\/\/maxradio923.com.ar\/index.php\/2024\/01\/12\/adorni-afirmo-que-el-gobierno-nacional-logro-evitar-una-hiperinflacion-2\/","title":{"rendered":"Adorni afirm\u00f3 que el Gobierno nacional logr\u00f3 \u00abevitar una hiperinflaci\u00f3n\u00bb"},"content":{"rendered":"<p><img decoding=\"async\" src=\"https:\/\/diariod3.com\/wp-content\/uploads\/2023\/12\/Manuel-Adorni-181223.jpg\"\/><\/p>\n<p>El vocero presidencial, Manuel <strong>Adorni<\/strong>, afirm\u00f3 este viernes que el Gobierno nacional logr\u00f3 \u201cevitar una hiperinflaci\u00f3n\u201d y asegur\u00f3 que el equipo econ\u00f3mico hizo \u201cun esfuerzo sobre humano\u201d para contener el \u00edndice de precios de diciembre, que arroj\u00f3 un 25% y que calific\u00f3 como algo \u201cespantoso\u201d.<\/p>\n<p>\u201cVamos a seguir teniendo \u00edndices elevados. <strong>El dato es malo, pero podr\u00eda haber sido mucho peor<\/strong>\u201d, se\u00f1al\u00f3 Adorni durante la habitual conferencia de prensa ofrecida en Casa Rosada.<\/p>\n<p>Adem\u00e1s, destac\u00f3 que el Gobierno \u201cno negocia la verdad\u201d y no cree \u201cen las soluciones m\u00e1gicas para una sociedad empobrecida\u201d.<\/p>\n<p>En otro pasaje, Adorni afirm\u00f3 que \u201clos que quieren una Argentina mejor son mayor\u00eda\u201d, y lament\u00f3 que haya una \u201cminor\u00eda que pretenda vivir en la decadencia\u201d, al criticar las posturas que el secretario adjunto del gremio de Camioneros, <strong>Pablo Moyano<\/strong>, tiene contra el Gobierno nacional.<\/p>\n<p>Por otra parte, Adorni dijo que <strong>\u201cla pol\u00edtica parece preocupada por la pol\u00edtica\u201d<\/strong>, y afirm\u00f3 que el Gobierno aspira a dar \u201cexplicaciones t\u00e9cnicas\u201d en el Congreso sobre el proyecto de ley de \u201cBases y Puntos de Partida para la Libertad de los Argentinos\u201d<\/p>\n<h2>Horas extras en el Estado<\/h2>\n<p>El vocero confirm\u00f3 que en el Estado \u201cse seguir\u00e1n pagando horas extras\u00bb, siempre que sean \u00abjustificadas\u00bb, que \u00abse requieran y se trabajen\u00bb.<\/p>\n<p>Fuente: T\u00e9lam<br \/>\nOp: Rivero Cecilia<\/p>\n","protected":false},"excerpt":{"rendered":"<p>El vocero presidencial, Manuel Adorni, afirm\u00f3 este viernes que el Gobierno nacional logr\u00f3 \u201cevitar una hiperinflaci\u00f3n\u201d y asegur\u00f3 que el equipo econ\u00f3mico hizo \u201cun esfuerzo sobre humano\u201d para contener el \u00edndice de precios de diciembre, que arroj\u00f3 un 25% y que calific\u00f3 como algo \u201cespantoso\u201d.<\/p>\n<p>\u201cVamos a seguir teniendo \u00edndices elevados. El dato es malo, pero podr\u00eda haber sido mucho peor\u201d, se\u00f1al\u00f3 Adorni durante la habitual conferencia de prensa ofrecida en Casa Rosada.<\/p>\n<p>Adem\u00e1s, destac\u00f3 que el Gobierno \u201cno negocia la verdad\u201d y no cree \u201cen las soluciones m\u00e1gicas para una sociedad empobrecida\u201d.<\/p>\n<p>En otro pasaje, Adorni afirm\u00f3 que \u201clos que quieren una Argentina mejor son mayor\u00eda\u201d, y lament\u00f3 que haya una \u201cminor\u00eda que pretenda vivir en la decadencia\u201d, al criticar las posturas que el secretario adjunto del gremio de Camioneros, Pablo Moyano, tiene contra el Gobierno nacional.<\/p>\n<p>Por otra parte, Adorni dijo que \u201cla pol\u00edtica parece preocupada por la pol\u00edtica\u201d, y afirm\u00f3 que el Gobierno aspira a dar \u201cexpli..<\/p>\n","protected":false},"author":2,"featured_media":16224,"comment_status":"closed","ping_status":"","sticky":false,"template":"","format":"standard","meta":{"footnotes":""},"categories":[12],"tags":[],"_links":{"self":[{"href":"https:\/\/maxradio923.com.ar\/index.php\/wp-json\/wp\/v2\/posts\/16183"}],"collection":[{"href":"https:\/\/maxradio923.com.ar\/index.php\/wp-json\/wp\/v2\/posts"}],"about":[{"href":"https:\/\/maxradio923.com.ar\/index.php\/wp-json\/wp\/v2\/types\/post"}],"author":[{"embeddable":true,"href":"https:\/\/maxradio923.com.ar\/index.php\/wp-json\/wp\/v2\/users\/2"}],"replies":[{"embeddable":true,"href":"https:\/\/maxradio923.com.ar\/index.php\/wp-json\/wp\/v2\/comments?post=16183"}],"version-history":[{"count":1,"href":"https:\/\/maxradio923.com.ar\/index.php\/wp-json\/wp\/v2\/posts\/16183\/revisions"}],"predecessor-version":[{"id":16223,"href":"https:\/\/maxradio923.com.ar\/index.php\/wp-json\/wp\/v2\/posts\/16183\/revisions\/16223"}],"wp:featuredmedia":[{"embeddable":true,"href":"https:\/\/maxradio923.com.ar\/index.php\/wp-json\/wp\/v2\/media\/16224"}],"wp:attachment":[{"href":"https:\/\/maxradio923.com.ar\/index.php\/wp-json\/wp\/v2\/media?parent=16183"}],"wp:term":[{"taxonomy":"category","embeddable":true,"href":"https:\/\/maxradio923.com.ar\/index.php\/wp-json\/wp\/v2\/categories?post=16183"},{"taxonomy":"post_tag","embeddable":true,"href":"https:\/\/maxradio923.com.ar\/index.php\/wp-json\/wp\/v2\/tags?post=16183"}],"curies":[{"name":"wp","href":"https:\/\/api.w.org\/{rel}","templated":true}]}}