{"id":16177,"date":"2024-01-12T14:39:49","date_gmt":"2024-01-12T17:39:49","guid":{"rendered":"https:\/\/maxradio923.com.ar\/index.php\/2024\/01\/12\/choque-en-rivadavia-deja-a-padre-e-hija-hospitalizados\/"},"modified":"2024-01-12T14:39:49","modified_gmt":"2024-01-12T17:39:49","slug":"choque-en-rivadavia-deja-a-padre-e-hija-hospitalizados","status":"publish","type":"post","link":"https:\/\/maxradio923.com.ar\/index.php\/2024\/01\/12\/choque-en-rivadavia-deja-a-padre-e-hija-hospitalizados\/","title":{"rendered":"Choque en Rivadavia deja a Padre e Hija Hospitalizados"},"content":{"rendered":"<p><img decoding=\"async\" src=\"https:\/\/grupomorenomedios.com.ar\/wp-content\/uploads\/2024\/01\/hospital-rawsonjpeg-1-750x430-1.webp.jpg\"\/><\/p>\n<p><img decoding=\"async\" src=\"https:\/\/diariod3.com\/wp-content\/uploads\/2023\/12\/hospital-rawsonjpeg-1-750x430-1.webp\"\/><\/p>\n<p>El incidente tuvo lugar cuando un Chevrolet Aveo, conducido por un hombre de 48 a\u00f1os de apellido Orellano, en compa\u00f1\u00eda de su hija de 9 a\u00f1os, colision\u00f3 con un Fiat Palio en el que viajaba un hombre de 71 a\u00f1os identificado como Rojas.<\/p>\n<p>Como resultado del choque, los ocupantes del Chevrolet fueron trasladados al Servicio de Urgencias del Hospital Rawson para recibir atenci\u00f3n m\u00e9dica. La ni\u00f1a presentaba traumatismo craneal y politraumatismos, mientras que su padre fue atendido por traumatismo cerrado de t\u00f3rax y politraumatismos.<\/p>\n<p>Las circunstancias exactas que llevaron al accidente a\u00fan est\u00e1n bajo investigaci\u00f3n por parte de las autoridades pertinentes. La seguridad vial y la prudencia al conducir son aspectos cruciales para evitar este tipo de incidentes y garantizar la integridad de quienes comparten la v\u00eda p\u00fablica.<\/p>\n<p>Op: Juan Llarena<\/p>\n<p>La entrada Choque en Rivadavia deja a Padre e Hija Hospitalizados se public\u00f3 primero en DIARIO DIGITAL MORENO MEDIOS.<\/p>\n","protected":false},"excerpt":{"rendered":"<p>El incidente tuvo lugar cuando un Chevrolet Aveo, conducido por un hombre de 48 a\u00f1os de apellido Orellano, en compa\u00f1\u00eda de su hija de 9 a\u00f1os, colision\u00f3 con un Fiat Palio en el que viajaba un hombre de 71 a\u00f1os identificado como Rojas. Como resultado del choque, los ocupantes del Chevrolet fueron trasladados al Servicio [&hellip;]<\/p>\n","protected":false},"author":1,"featured_media":16178,"comment_status":"","ping_status":"","sticky":false,"template":"","format":"standard","meta":{"footnotes":""},"categories":[5],"tags":[],"_links":{"self":[{"href":"https:\/\/maxradio923.com.ar\/index.php\/wp-json\/wp\/v2\/posts\/16177"}],"collection":[{"href":"https:\/\/maxradio923.com.ar\/index.php\/wp-json\/wp\/v2\/posts"}],"about":[{"href":"https:\/\/maxradio923.com.ar\/index.php\/wp-json\/wp\/v2\/types\/post"}],"author":[{"embeddable":true,"href":"https:\/\/maxradio923.com.ar\/index.php\/wp-json\/wp\/v2\/users\/1"}],"replies":[{"embeddable":true,"href":"https:\/\/maxradio923.com.ar\/index.php\/wp-json\/wp\/v2\/comments?post=16177"}],"version-history":[{"count":0,"href":"https:\/\/maxradio923.com.ar\/index.php\/wp-json\/wp\/v2\/posts\/16177\/revisions"}],"wp:featuredmedia":[{"embeddable":true,"href":"https:\/\/maxradio923.com.ar\/index.php\/wp-json\/wp\/v2\/media\/16178"}],"wp:attachment":[{"href":"https:\/\/maxradio923.com.ar\/index.php\/wp-json\/wp\/v2\/media?parent=16177"}],"wp:term":[{"taxonomy":"category","embeddable":true,"href":"https:\/\/maxradio923.com.ar\/index.php\/wp-json\/wp\/v2\/categories?post=16177"},{"taxonomy":"post_tag","embeddable":true,"href":"https:\/\/maxradio923.com.ar\/index.php\/wp-json\/wp\/v2\/tags?post=16177"}],"curies":[{"name":"wp","href":"https:\/\/api.w.org\/{rel}","templated":true}]}}