{"id":16167,"date":"2024-01-12T14:39:23","date_gmt":"2024-01-12T17:39:23","guid":{"rendered":"https:\/\/maxradio923.com.ar\/index.php\/2024\/01\/12\/la-onu-afirma-que-la-sequia-afecta-a-una-cuarta-parte-de-la-humanidad\/"},"modified":"2024-01-12T14:39:23","modified_gmt":"2024-01-12T17:39:23","slug":"la-onu-afirma-que-la-sequia-afecta-a-una-cuarta-parte-de-la-humanidad","status":"publish","type":"post","link":"https:\/\/maxradio923.com.ar\/index.php\/2024\/01\/12\/la-onu-afirma-que-la-sequia-afecta-a-una-cuarta-parte-de-la-humanidad\/","title":{"rendered":"La ONU afirma que la sequ\u00eda afecta a una cuarta parte de la humanidad"},"content":{"rendered":"<p><img decoding=\"async\" alt=\"Un delf\u00edn muerto en el lago Tefe, que desemboca en el r\u00edo Solimoes, que se ha visto afectado por las altas temperaturas y la sequ\u00eda en Tefe, estado de Amazonas. Foto        REUTERS\/Bruno Kelly \" src=\"https:\/\/www.clarin.com\/img\/2023\/12\/05\/VbvdCRzJ7_720x0__1.jpg\"\/>Un delf\u00edn muerto en el lago Tefe, que desemboca en el r\u00edo Solimoes, que se ha visto afectado por las altas temperaturas y la sequ\u00eda en Tefe, estado de Amazonas. Foto        REUTERS\/Bruno Kelly <img decoding=\"async\" alt=\"Un hombre camina sobre el suelo agrietado del embalse de Baells mientras el suministro de agua potable ha ca\u00eddo a su nivel m\u00e1s bajo desde 1990 debido a la extrema sequ\u00eda en Catalu\u00f1a. REUTERS\/Nacho Doce \" src=\"https:\/\/www.clarin.com\/img\/2024\/01\/12\/KDfaVuU5r_720x0__1.jpg\"\/>Un hombre camina sobre el suelo agrietado del embalse de Baells mientras el suministro de agua potable ha ca\u00eddo a su nivel m\u00e1s bajo desde 1990 debido a la extrema sequ\u00eda en Catalu\u00f1a. REUTERS\/Nacho Doce<\/p>\n","protected":false},"excerpt":{"rendered":"<p>Un delf\u00edn muerto en el lago Tefe, que desemboca en el r\u00edo Solimoes, que se ha visto afectado por las altas temperaturas y la sequ\u00eda en Tefe, estado de Amazonas. Foto REUTERS\/Bruno Kelly Un hombre camina sobre el suelo agrietado del embalse de Baells mientras el suministro de agua potable ha ca\u00eddo a su nivel m\u00e1s bajo desde 1990 debido a la extrema sequ\u00eda en Catalu\u00f1a. REUTERS\/Nacho Doce<\/p>\n","protected":false},"author":2,"featured_media":16168,"comment_status":"","ping_status":"","sticky":false,"template":"","format":"standard","meta":{"footnotes":""},"categories":[3],"tags":[],"_links":{"self":[{"href":"https:\/\/maxradio923.com.ar\/index.php\/wp-json\/wp\/v2\/posts\/16167"}],"collection":[{"href":"https:\/\/maxradio923.com.ar\/index.php\/wp-json\/wp\/v2\/posts"}],"about":[{"href":"https:\/\/maxradio923.com.ar\/index.php\/wp-json\/wp\/v2\/types\/post"}],"author":[{"embeddable":true,"href":"https:\/\/maxradio923.com.ar\/index.php\/wp-json\/wp\/v2\/users\/2"}],"replies":[{"embeddable":true,"href":"https:\/\/maxradio923.com.ar\/index.php\/wp-json\/wp\/v2\/comments?post=16167"}],"version-history":[{"count":0,"href":"https:\/\/maxradio923.com.ar\/index.php\/wp-json\/wp\/v2\/posts\/16167\/revisions"}],"wp:featuredmedia":[{"embeddable":true,"href":"https:\/\/maxradio923.com.ar\/index.php\/wp-json\/wp\/v2\/media\/16168"}],"wp:attachment":[{"href":"https:\/\/maxradio923.com.ar\/index.php\/wp-json\/wp\/v2\/media?parent=16167"}],"wp:term":[{"taxonomy":"category","embeddable":true,"href":"https:\/\/maxradio923.com.ar\/index.php\/wp-json\/wp\/v2\/categories?post=16167"},{"taxonomy":"post_tag","embeddable":true,"href":"https:\/\/maxradio923.com.ar\/index.php\/wp-json\/wp\/v2\/tags?post=16167"}],"curies":[{"name":"wp","href":"https:\/\/api.w.org\/{rel}","templated":true}]}}