{"id":16153,"date":"2024-01-11T13:28:44","date_gmt":"2024-01-11T16:28:44","guid":{"rendered":"https:\/\/maxradio923.com.ar\/index.php\/2024\/01\/11\/javier-milei-sobre-la-ley-omnibus-creo-que-estan-los-numeros-y-va-a-salir-todo\/"},"modified":"2024-01-11T13:28:44","modified_gmt":"2024-01-11T16:28:44","slug":"javier-milei-sobre-la-ley-omnibus-creo-que-estan-los-numeros-y-va-a-salir-todo","status":"publish","type":"post","link":"https:\/\/maxradio923.com.ar\/index.php\/2024\/01\/11\/javier-milei-sobre-la-ley-omnibus-creo-que-estan-los-numeros-y-va-a-salir-todo\/","title":{"rendered":"Javier Milei, sobre la ley \u00f3mnibus: &#8220;Creo que est\u00e1n los n\u00fameros y va a salir todo&#8221;"},"content":{"rendered":"<p><img decoding=\"async\" alt=\"&quot;La gente tiene conciencia del desastre heredado&quot;, plante\u00f3 Milei. Foto: Fernando de la Orden\" src=\"https:\/\/www.clarin.com\/img\/2023\/12\/21\/8shr6CpUj_720x0__1.jpg\"\/>&quot;La gente tiene conciencia del desastre heredado&quot;, plante\u00f3 Milei. Foto: Fernando de la Orden<\/p>\n","protected":false},"excerpt":{"rendered":"<p>&#8220;La gente tiene conciencia del desastre heredado&#8221;, plante\u00f3 Milei. Foto: Fernando de la Orden<\/p>\n","protected":false},"author":2,"featured_media":16154,"comment_status":"","ping_status":"","sticky":false,"template":"","format":"standard","meta":{"footnotes":""},"categories":[7],"tags":[],"_links":{"self":[{"href":"https:\/\/maxradio923.com.ar\/index.php\/wp-json\/wp\/v2\/posts\/16153"}],"collection":[{"href":"https:\/\/maxradio923.com.ar\/index.php\/wp-json\/wp\/v2\/posts"}],"about":[{"href":"https:\/\/maxradio923.com.ar\/index.php\/wp-json\/wp\/v2\/types\/post"}],"author":[{"embeddable":true,"href":"https:\/\/maxradio923.com.ar\/index.php\/wp-json\/wp\/v2\/users\/2"}],"replies":[{"embeddable":true,"href":"https:\/\/maxradio923.com.ar\/index.php\/wp-json\/wp\/v2\/comments?post=16153"}],"version-history":[{"count":0,"href":"https:\/\/maxradio923.com.ar\/index.php\/wp-json\/wp\/v2\/posts\/16153\/revisions"}],"wp:featuredmedia":[{"embeddable":true,"href":"https:\/\/maxradio923.com.ar\/index.php\/wp-json\/wp\/v2\/media\/16154"}],"wp:attachment":[{"href":"https:\/\/maxradio923.com.ar\/index.php\/wp-json\/wp\/v2\/media?parent=16153"}],"wp:term":[{"taxonomy":"category","embeddable":true,"href":"https:\/\/maxradio923.com.ar\/index.php\/wp-json\/wp\/v2\/categories?post=16153"},{"taxonomy":"post_tag","embeddable":true,"href":"https:\/\/maxradio923.com.ar\/index.php\/wp-json\/wp\/v2\/tags?post=16153"}],"curies":[{"name":"wp","href":"https:\/\/api.w.org\/{rel}","templated":true}]}}