{"id":16147,"date":"2024-01-11T13:28:27","date_gmt":"2024-01-11T16:28:27","guid":{"rendered":"https:\/\/maxradio923.com.ar\/index.php\/2024\/01\/11\/orrego-sobre-baja-de-designaciones-en-ipeem-dentro-de-la-ley-todo-y-fuera-de-la-ley-nada\/"},"modified":"2024-01-11T13:28:27","modified_gmt":"2024-01-11T16:28:27","slug":"orrego-sobre-baja-de-designaciones-en-ipeem-dentro-de-la-ley-todo-y-fuera-de-la-ley-nada","status":"publish","type":"post","link":"https:\/\/maxradio923.com.ar\/index.php\/2024\/01\/11\/orrego-sobre-baja-de-designaciones-en-ipeem-dentro-de-la-ley-todo-y-fuera-de-la-ley-nada\/","title":{"rendered":"Orrego sobre baja de designaciones en IPEEM: \u00abDentro de la ley, todo y fuera de la ley, nada\u00bb"},"content":{"rendered":"<p><img decoding=\"async\" src=\"https:\/\/diariod3.com\/wp-content\/uploads\/2023\/12\/marcelo-orregojpg.png\"\/><\/p>\n<p>Orrego afirm\u00f3: \u00abDentro de la ley todo, fuera de la ley nada. Lo que hace un gobernador es cumplir inexorablemente con la ley, y eso lo dispone la Constituci\u00f3n Provincial\u00bb.<\/p>\n<p>El mandatario explic\u00f3 que la ley del IPEEM establece que las autoridades de este organismo son designadas por el gobernador provincial, y que los vocales deben ser designados por la primera y segunda minor\u00eda de Diputados. Orrego subray\u00f3 que, en este caso, corresponde que la primera minor\u00eda, representada por el bloque Producci\u00f3n y Trabajo, realice las designaciones.<\/p>\n<p>La medida del gobernador gener\u00f3 controversia, y los legisladores justicialistas enviaron una notificaci\u00f3n notarial instando a Orrego a cumplir con lo aprobado por la C\u00e1mara de Diputados el pasado 21 de diciembre. La situaci\u00f3n a\u00fan se encuentra en an\u00e1lisis y podr\u00eda generar nuevas discusiones en la Legislatura provincial.<\/p>\n<p>La designaci\u00f3n de vocales en el IPEEM es un tema sensible que ha provocado tensiones entre los bloques pol\u00edticos, y la resoluci\u00f3n final depender\u00e1 de la interpretaci\u00f3n legal que se adopte en relaci\u00f3n con la composici\u00f3n de las mayor\u00edas en la actual Legislatura.<\/p>\n<p>Op: Juan Llarena<\/p>\n","protected":false},"excerpt":{"rendered":"<p>Orrego afirm\u00f3: \u00abDentro de la ley todo, fuera de la ley nada. Lo que hace un gobernador es cumplir inexorablemente con la ley, y eso lo dispone la Constituci\u00f3n Provincial\u00bb.<br \/>\n El mandatario explic\u00f3 que la ley del IPEEM establece que las autoridades de este organismo son designadas por el gobernador provincial, y que los vocales deben ser designados por la primera y segunda minor\u00eda de Diputados. Orrego subray\u00f3 que, en este caso, corresponde que la primera minor\u00eda, representada por el bloque Producci\u00f3n y Trabajo, realice las designaciones.<br \/>\n La medida del gobernador gener\u00f3 controversia, y los legisladores justicialistas enviaron una notificaci\u00f3n notarial instando a Orrego a cumplir con lo aprobado por la C\u00e1mara de Diputados el pasado 21 de diciembre. La situaci\u00f3n a\u00fan se encuentra en an\u00e1lisis y podr\u00eda generar nuevas discusiones en la Legislatura provincial.<br \/>\n La designaci\u00f3n de vocales en el IPEEM es un tema sensible que ha provocado tensiones entre los bloques pol\u00edticos, y la resoluci\u00f3n final ..<\/p>\n","protected":false},"author":2,"featured_media":16148,"comment_status":"","ping_status":"","sticky":false,"template":"","format":"standard","meta":{"footnotes":""},"categories":[8],"tags":[],"_links":{"self":[{"href":"https:\/\/maxradio923.com.ar\/index.php\/wp-json\/wp\/v2\/posts\/16147"}],"collection":[{"href":"https:\/\/maxradio923.com.ar\/index.php\/wp-json\/wp\/v2\/posts"}],"about":[{"href":"https:\/\/maxradio923.com.ar\/index.php\/wp-json\/wp\/v2\/types\/post"}],"author":[{"embeddable":true,"href":"https:\/\/maxradio923.com.ar\/index.php\/wp-json\/wp\/v2\/users\/2"}],"replies":[{"embeddable":true,"href":"https:\/\/maxradio923.com.ar\/index.php\/wp-json\/wp\/v2\/comments?post=16147"}],"version-history":[{"count":0,"href":"https:\/\/maxradio923.com.ar\/index.php\/wp-json\/wp\/v2\/posts\/16147\/revisions"}],"wp:featuredmedia":[{"embeddable":true,"href":"https:\/\/maxradio923.com.ar\/index.php\/wp-json\/wp\/v2\/media\/16148"}],"wp:attachment":[{"href":"https:\/\/maxradio923.com.ar\/index.php\/wp-json\/wp\/v2\/media?parent=16147"}],"wp:term":[{"taxonomy":"category","embeddable":true,"href":"https:\/\/maxradio923.com.ar\/index.php\/wp-json\/wp\/v2\/categories?post=16147"},{"taxonomy":"post_tag","embeddable":true,"href":"https:\/\/maxradio923.com.ar\/index.php\/wp-json\/wp\/v2\/tags?post=16147"}],"curies":[{"name":"wp","href":"https:\/\/api.w.org\/{rel}","templated":true}]}}