{"id":16141,"date":"2024-01-11T13:28:21","date_gmt":"2024-01-11T16:28:21","guid":{"rendered":"https:\/\/maxradio923.com.ar\/index.php\/2024\/01\/11\/javier-milei-invito-formalmente-al-papa-francisco-al-pais\/"},"modified":"2024-01-11T13:28:21","modified_gmt":"2024-01-11T16:28:21","slug":"javier-milei-invito-formalmente-al-papa-francisco-al-pais","status":"publish","type":"post","link":"https:\/\/maxradio923.com.ar\/index.php\/2024\/01\/11\/javier-milei-invito-formalmente-al-papa-francisco-al-pais\/","title":{"rendered":"Javier Milei invit\u00f3 formalmente al Papa Francisco al pa\u00eds"},"content":{"rendered":"<p><img decoding=\"async\" src=\"https:\/\/diariod3.com\/wp-content\/uploads\/2024\/01\/659ff79e695b1_1200.jpg\"\/><\/p>\n<p>El presidente Javier Milei invit\u00f3 por medio de una carta al papa Francisco a visitar el pa\u00eds, en una misiva donde destac\u00f3 que la acci\u00f3n de la Iglesia Cat\u00f3lica \u00aben el campo social es invalorable\u00bb.<\/p>\n<p>\u00abUsted bien sabe que no necesita invitaci\u00f3n para venir a la Argentina. A riesgo de decir lo innecesario, le invito a visitar nuestra amada Patria, conforme a las fechas y los lugares que nos sean indicados, teniendo presente el deseo generalizado de nuestras ciudades, provincias y pueblos de contar con Su presencia y transmitirle su filial afecto\u00bb, expres\u00f3 el jefe de Estado en el texto de la invitaci\u00f3n.<\/p>\n<p>La carta fue difundida por medio de la cuenta que la Oficina del Presidente Javier Milei tiene en la redes sociales.<\/p>\n<p>En su habitual conferencia de prensa en Casa de Gobierno, el vocero presidencial, Manuel Adorni, hab\u00eda anunciado que el mandatario \u00abestaba enviando\u00bb, en el momento preciso de su contacto con los periodistas, la invitaci\u00f3n al pont\u00edfice, que desde el 13 de marzo de 2013, cuando fue ungido papa por la Iglesia cat\u00f3lica, no volvi\u00f3 a la Argentina.<\/p>\n<p>Adorni dijo que para el presidente Milei la \u00abpresencia\u00bb en el pa\u00eds y el \u00abmensaje\u00bb de Francisco \u00abvan a contribuir a la unidad de todos y nos va a dar la fuerza colectiva necesaria para preservar la paz, trabajar en prosperidad y en el engrandecimiento de nuestra patria\u00bb.<\/p>\n<p>Fuente: San Juan 8<\/p>\n<p>Op: Rivero Cecilia<\/p>\n","protected":false},"excerpt":{"rendered":"<p>El presidente Javier Milei invit\u00f3 por medio de una carta al papa Francisco a visitar el pa\u00eds, en una misiva donde destac\u00f3 que la acci\u00f3n de la Iglesia Cat\u00f3lica \u00aben el campo social es invalorable\u00bb.<\/p>\n<p>\u00abUsted bien sabe que no necesita invitaci\u00f3n para venir a la Argentina. A riesgo de decir lo innecesario, le invito a visitar nuestra amada Patria, conforme a las fechas y los lugares que nos sean indicados, teniendo presente el deseo generalizado de nuestras ciudades, provincias y pueblos de contar con Su presencia y transmitirle su filial afecto\u00bb, expres\u00f3 el jefe de Estado en el texto de la invitaci\u00f3n.<\/p>\n<p>La carta fue difundida por medio de la cuenta que la Oficina del Presidente Javier Milei tiene en la redes sociales.<\/p>\n<p>En su habitual conferencia de prensa en Casa de Gobierno, el vocero presidencial, Manuel Adorni, hab\u00eda anunciado que el mandatario \u00abestaba enviando\u00bb, en el momento preciso de su contacto con los periodistas, la invitaci\u00f3n al pont\u00edfice, que desde el 13 de marzo de 2013, cuando ..<\/p>\n","protected":false},"author":2,"featured_media":16142,"comment_status":"","ping_status":"","sticky":false,"template":"","format":"standard","meta":{"footnotes":""},"categories":[12],"tags":[],"_links":{"self":[{"href":"https:\/\/maxradio923.com.ar\/index.php\/wp-json\/wp\/v2\/posts\/16141"}],"collection":[{"href":"https:\/\/maxradio923.com.ar\/index.php\/wp-json\/wp\/v2\/posts"}],"about":[{"href":"https:\/\/maxradio923.com.ar\/index.php\/wp-json\/wp\/v2\/types\/post"}],"author":[{"embeddable":true,"href":"https:\/\/maxradio923.com.ar\/index.php\/wp-json\/wp\/v2\/users\/2"}],"replies":[{"embeddable":true,"href":"https:\/\/maxradio923.com.ar\/index.php\/wp-json\/wp\/v2\/comments?post=16141"}],"version-history":[{"count":0,"href":"https:\/\/maxradio923.com.ar\/index.php\/wp-json\/wp\/v2\/posts\/16141\/revisions"}],"wp:featuredmedia":[{"embeddable":true,"href":"https:\/\/maxradio923.com.ar\/index.php\/wp-json\/wp\/v2\/media\/16142"}],"wp:attachment":[{"href":"https:\/\/maxradio923.com.ar\/index.php\/wp-json\/wp\/v2\/media?parent=16141"}],"wp:term":[{"taxonomy":"category","embeddable":true,"href":"https:\/\/maxradio923.com.ar\/index.php\/wp-json\/wp\/v2\/categories?post=16141"},{"taxonomy":"post_tag","embeddable":true,"href":"https:\/\/maxradio923.com.ar\/index.php\/wp-json\/wp\/v2\/tags?post=16141"}],"curies":[{"name":"wp","href":"https:\/\/api.w.org\/{rel}","templated":true}]}}