{"id":16139,"date":"2024-01-11T13:28:16","date_gmt":"2024-01-11T16:28:16","guid":{"rendered":"https:\/\/maxradio923.com.ar\/index.php\/2024\/01\/11\/comenzaron-las-colonias-de-verano-en-pocito\/"},"modified":"2024-01-11T13:28:16","modified_gmt":"2024-01-11T16:28:16","slug":"comenzaron-las-colonias-de-verano-en-pocito","status":"publish","type":"post","link":"https:\/\/maxradio923.com.ar\/index.php\/2024\/01\/11\/comenzaron-las-colonias-de-verano-en-pocito\/","title":{"rendered":"Comenzaron las Colonias de Verano en Pocito"},"content":{"rendered":"<p><img decoding=\"async\" src=\"https:\/\/grupomorenomedios.com.ar\/wp-content\/uploads\/2024\/01\/pocito1.webp.jpg\"\/><\/p>\n<p><img decoding=\"async\" src=\"https:\/\/diariod3.com\/wp-content\/uploads\/2024\/01\/pocito1.webp\"\/>  <\/p>\n<h2>Con mucha alegr\u00eda, color y calor dieron inicio las Colonias de Verano en todo el departamento.<\/h2>\n<p>Desde el 9 de enero hasta el 31 de enero en Pocito se viven las Colonias de Verano 2024 destinada a 1500 chicos y chicas de entre 6 y 12 a\u00f1os, personas mayores y personas con discapacidad.<\/p>\n<p><img decoding=\"async\" src=\"https:\/\/radiod3.com\/wp-content\/uploads\/2024\/01\/WhatsApp-Image-2024-01-09-at-16.51.10.webp\"\/> <img decoding=\"async\" src=\"https:\/\/radiod3.com\/wp-content\/uploads\/2024\/01\/WhatsApp-Image-2024-01-09-at-16.51.09-2.webp\"\/> <img decoding=\"async\" src=\"https:\/\/radiod3.com\/wp-content\/uploads\/2024\/01\/WhatsApp-Image-2024-01-09-at-16.51.09-1.webp\"\/> <img decoding=\"async\" src=\"https:\/\/radiod3.com\/wp-content\/uploads\/2024\/01\/WhatsApp-Image-2024-01-09-at-16.51.09.webp\"\/><\/p>\n<p>El intendente de Pocito, Fabian Aballay visit\u00f3 el Sindicato de Camioneros donde comparti\u00f3 una ma\u00f1ana agradable con chicos y grandes que disfrutan de las colonias, all\u00ed el jefe comunal expres\u00f3: \u00abLas colonas se viven con mucho entusiasmo. Aqu\u00ed disfrutan sus vacaciones, vienen a divertirse, a realizar actividades educativas y recreativas\u00bb.<\/p>\n<p>El departamento dispuso 8 centros donde se est\u00e1n llevando a cabo las colonias:<\/p>\n<p>Zona Norte:<br \/>\u2013 Camping el Para\u00edso<br \/>\u2013 Sindicato de Camioneros<br \/>\u2013 Camping ATE<\/p>\n<p>Zona Centro:<br \/>\u2013 Camping Club Aberastain<br \/>\u2013 Club Atenas<\/p>\n<p>Zona Sur:<br \/>\u2013 Escuela Albert Schweitzer<br \/>\u2013 Uni\u00f3n Vecinal Barrio Chubut<br \/>\u2013 Escuela Francisca R\u00edos de P\u00e1ez<\/p>\n<p>OPERADOR: EUGENIA VILA<\/p>\n<p>La entrada Comenzaron las Colonias de Verano en Pocito se public\u00f3 primero en DIARIO DIGITAL MORENO MEDIOS.<\/p>\n","protected":false},"excerpt":{"rendered":"<p>Con mucha alegr\u00eda, color y calor dieron inicio las Colonias de Verano en todo el departamento. Desde el 9 de enero hasta el 31 de enero en Pocito se viven las Colonias de Verano 2024 destinada a 1500 chicos y chicas de entre 6 y 12 a\u00f1os, personas mayores y personas con discapacidad. El intendente [&hellip;]<\/p>\n","protected":false},"author":1,"featured_media":16140,"comment_status":"","ping_status":"","sticky":false,"template":"","format":"standard","meta":{"footnotes":""},"categories":[5],"tags":[],"_links":{"self":[{"href":"https:\/\/maxradio923.com.ar\/index.php\/wp-json\/wp\/v2\/posts\/16139"}],"collection":[{"href":"https:\/\/maxradio923.com.ar\/index.php\/wp-json\/wp\/v2\/posts"}],"about":[{"href":"https:\/\/maxradio923.com.ar\/index.php\/wp-json\/wp\/v2\/types\/post"}],"author":[{"embeddable":true,"href":"https:\/\/maxradio923.com.ar\/index.php\/wp-json\/wp\/v2\/users\/1"}],"replies":[{"embeddable":true,"href":"https:\/\/maxradio923.com.ar\/index.php\/wp-json\/wp\/v2\/comments?post=16139"}],"version-history":[{"count":0,"href":"https:\/\/maxradio923.com.ar\/index.php\/wp-json\/wp\/v2\/posts\/16139\/revisions"}],"wp:featuredmedia":[{"embeddable":true,"href":"https:\/\/maxradio923.com.ar\/index.php\/wp-json\/wp\/v2\/media\/16140"}],"wp:attachment":[{"href":"https:\/\/maxradio923.com.ar\/index.php\/wp-json\/wp\/v2\/media?parent=16139"}],"wp:term":[{"taxonomy":"category","embeddable":true,"href":"https:\/\/maxradio923.com.ar\/index.php\/wp-json\/wp\/v2\/categories?post=16139"},{"taxonomy":"post_tag","embeddable":true,"href":"https:\/\/maxradio923.com.ar\/index.php\/wp-json\/wp\/v2\/tags?post=16139"}],"curies":[{"name":"wp","href":"https:\/\/api.w.org\/{rel}","templated":true}]}}