{"id":16137,"date":"2024-01-11T13:28:15","date_gmt":"2024-01-11T16:28:15","guid":{"rendered":"https:\/\/maxradio923.com.ar\/index.php\/2024\/01\/11\/jachal-ya-disfruta-de-las-colonias-de-verano\/"},"modified":"2024-01-11T13:28:15","modified_gmt":"2024-01-11T16:28:15","slug":"jachal-ya-disfruta-de-las-colonias-de-verano","status":"publish","type":"post","link":"https:\/\/maxradio923.com.ar\/index.php\/2024\/01\/11\/jachal-ya-disfruta-de-las-colonias-de-verano\/","title":{"rendered":"J\u00e1chal ya disfruta de las Colonias de Verano"},"content":{"rendered":"<p><img decoding=\"async\" src=\"https:\/\/grupomorenomedios.com.ar\/wp-content\/uploads\/2024\/01\/WhatsApp-Image-2024-01-09-at-16.54.54-1.webp.jpg\"\/><\/p>\n<p><img decoding=\"async\" src=\"https:\/\/diariod3.com\/wp-content\/uploads\/2024\/01\/WhatsApp-Image-2024-01-09-at-16.54.54-1.webp\"\/>  <\/p>\n<h2>Con m\u00e1s de 600 ni\u00f1os, ni\u00f1as, personas con discapacidad y personas mayores, se dio inicio a la temporada 2024 de esta pol\u00edtica p\u00fablica de inclusi\u00f3n, contenci\u00f3n, integraci\u00f3n y entretenimiento.<\/h2>\n<p>Las mismas, se llevar\u00e1n a cabo hasta el pr\u00f3ximo 31 de enero, distribuidas en 5 centros espacialmente adaptados en distintos puntos de nuestro departamento, contando con equipos t\u00e9cnicos conformados por profesionales preparados para que cada participante reciba un abordaje adecuado.<\/p>\n<p><img decoding=\"async\" src=\"https:\/\/radiod3.com\/wp-content\/uploads\/2024\/01\/WhatsApp-Image-2024-01-09-at-16.54.55-1.webp\"\/> <img decoding=\"async\" src=\"https:\/\/radiod3.com\/wp-content\/uploads\/2024\/01\/WhatsApp-Image-2024-01-09-at-16.54.55.webp\"\/> <img decoding=\"async\" src=\"https:\/\/radiod3.com\/wp-content\/uploads\/2024\/01\/WhatsApp-Image-2024-01-09-at-16.54.54-1.webp\"\/> <img decoding=\"async\" src=\"https:\/\/radiod3.com\/wp-content\/uploads\/2024\/01\/WhatsApp-Image-2024-01-09-at-16.54.54.webp\"\/> <img decoding=\"async\" src=\"https:\/\/radiod3.com\/wp-content\/uploads\/2024\/01\/WhatsApp-Image-2024-01-09-at-16.54.53.webp\"\/><\/p>\n<p>En este marco, el intendente Mat\u00edas Espejo, encabez\u00f3 el acto inaugural en el Camping UDAP, quien celebr\u00f3 la participaci\u00f3n de la familia jachallera al tiempo que expres\u00f3 \u201cestamos concretando una acci\u00f3n esperada por toda nuestra comunidad y quiero destacar que esta acci\u00f3n es una muestra m\u00e1s de la importancia de un Estado presente\u201d.<\/p>\n<p>\u201cCada participante viene a tutelar un derecho y para eso tenemos un gran equipo interdisciplinario, porque nuestro objetivo es que cada asistente se lleve el mejor de los recuerdos de esta experiencia, no solo pensando en entretenimiento, sino tambi\u00e9n de integraci\u00f3n, cultural, generaci\u00f3n de h\u00e1bitos saludables y desarrollo sociocomunitario\u201d, agreg\u00f3 el jefe comunal.<\/p>\n<p>Por su parte, la secretaria de Desarrollo Humano y Promoci\u00f3n Social, Yesica Vega, agradeci\u00f3 a cada titular de derecho \u201cpor confiar un a\u00f1o m\u00e1s en estas colonias, las cuales cuentan con un gran equipo que va a estar pendiente de cada necesidad, brindando un espacio de escucha, acompa\u00f1amiento y abordaje integral\u201d.<\/p>\n<p>Del acto inaugural formaron parte adem\u00e1s, el presidente del Concejo Deliberante, H\u00e9ctor S\u00e1nchez, acompa\u00f1ado de concejales y concejalas departamentales; el secretario de Gobierno, Juan Pablo Dara; el Asesor Letrado, Julio Andino; la directora de Promoci\u00f3n Social, Eugenia Torres; la directora de Acci\u00f3n Social, J\u00e9ssica Rivadero; los coordinadores de Deportes, Facundo Mercado y Sebasti\u00e1n P\u00e1ez; junto a autoridades municipales y representantes del ejecutivo provincial.<\/p>\n<p>El Municipio de J\u00e1chal, en conjunto con el Ministerio de Familia y Desarrollo Humano, realiza un gran esfuerzo, no solo econ\u00f3mico, sino de log\u00edstica y recursos humanos para que se pueda disfrutar de experiencias \u00fanicas y la posibilidad de generar nuevas amistades, las cuales, sin dudas, est\u00e1n destinadas a ser para toda la vida.<\/p>\n<p>OPERADOR: EUGENIA VILA<\/p>\n<p>La entrada J\u00e1chal ya disfruta de las Colonias de Verano se public\u00f3 primero en DIARIO DIGITAL MORENO MEDIOS.<\/p>\n","protected":false},"excerpt":{"rendered":"<p>Con m\u00e1s de 600 ni\u00f1os, ni\u00f1as, personas con discapacidad y personas mayores, se dio inicio a la temporada 2024 de esta pol\u00edtica p\u00fablica de inclusi\u00f3n, contenci\u00f3n, integraci\u00f3n y entretenimiento. Las mismas, se llevar\u00e1n a cabo hasta el pr\u00f3ximo 31 de enero, distribuidas en 5 centros espacialmente adaptados en distintos puntos de nuestro departamento, contando con [&hellip;]<\/p>\n","protected":false},"author":1,"featured_media":16138,"comment_status":"","ping_status":"","sticky":false,"template":"","format":"standard","meta":{"footnotes":""},"categories":[5],"tags":[],"_links":{"self":[{"href":"https:\/\/maxradio923.com.ar\/index.php\/wp-json\/wp\/v2\/posts\/16137"}],"collection":[{"href":"https:\/\/maxradio923.com.ar\/index.php\/wp-json\/wp\/v2\/posts"}],"about":[{"href":"https:\/\/maxradio923.com.ar\/index.php\/wp-json\/wp\/v2\/types\/post"}],"author":[{"embeddable":true,"href":"https:\/\/maxradio923.com.ar\/index.php\/wp-json\/wp\/v2\/users\/1"}],"replies":[{"embeddable":true,"href":"https:\/\/maxradio923.com.ar\/index.php\/wp-json\/wp\/v2\/comments?post=16137"}],"version-history":[{"count":0,"href":"https:\/\/maxradio923.com.ar\/index.php\/wp-json\/wp\/v2\/posts\/16137\/revisions"}],"wp:featuredmedia":[{"embeddable":true,"href":"https:\/\/maxradio923.com.ar\/index.php\/wp-json\/wp\/v2\/media\/16138"}],"wp:attachment":[{"href":"https:\/\/maxradio923.com.ar\/index.php\/wp-json\/wp\/v2\/media?parent=16137"}],"wp:term":[{"taxonomy":"category","embeddable":true,"href":"https:\/\/maxradio923.com.ar\/index.php\/wp-json\/wp\/v2\/categories?post=16137"},{"taxonomy":"post_tag","embeddable":true,"href":"https:\/\/maxradio923.com.ar\/index.php\/wp-json\/wp\/v2\/tags?post=16137"}],"curies":[{"name":"wp","href":"https:\/\/api.w.org\/{rel}","templated":true}]}}