{"id":16131,"date":"2024-01-11T13:28:05","date_gmt":"2024-01-11T16:28:05","guid":{"rendered":"https:\/\/maxradio923.com.ar\/index.php\/2024\/01\/11\/ypf-coloca-deuda-por-us-800-millones-y-marca-asi-su-regreso-a-los-mercados-internacionales\/"},"modified":"2024-01-11T13:28:05","modified_gmt":"2024-01-11T16:28:05","slug":"ypf-coloca-deuda-por-us-800-millones-y-marca-asi-su-regreso-a-los-mercados-internacionales","status":"publish","type":"post","link":"https:\/\/maxradio923.com.ar\/index.php\/2024\/01\/11\/ypf-coloca-deuda-por-us-800-millones-y-marca-asi-su-regreso-a-los-mercados-internacionales\/","title":{"rendered":"YPF coloca deuda por US$ 800 millones y marca as\u00ed su regreso a los mercados internacionales"},"content":{"rendered":"<ul>\n<li>Es de una de las mayores emisiones de deuda de la compa\u00f1\u00eda estatal.<\/li>\n<li>Se da tras cuatro a\u00f1os y medio de su \u00faltima emisi\u00f3n internacional.<\/li>\n<\/ul>\n","protected":false},"excerpt":{"rendered":"<p>Es de una de las mayores emisiones de deuda de la compa\u00f1\u00eda estatal.Se da tras cuatro a\u00f1os y medio de su \u00faltima emisi\u00f3n internacional.<\/p>\n","protected":false},"author":2,"featured_media":16132,"comment_status":"","ping_status":"","sticky":false,"template":"","format":"standard","meta":{"footnotes":""},"categories":[2],"tags":[],"_links":{"self":[{"href":"https:\/\/maxradio923.com.ar\/index.php\/wp-json\/wp\/v2\/posts\/16131"}],"collection":[{"href":"https:\/\/maxradio923.com.ar\/index.php\/wp-json\/wp\/v2\/posts"}],"about":[{"href":"https:\/\/maxradio923.com.ar\/index.php\/wp-json\/wp\/v2\/types\/post"}],"author":[{"embeddable":true,"href":"https:\/\/maxradio923.com.ar\/index.php\/wp-json\/wp\/v2\/users\/2"}],"replies":[{"embeddable":true,"href":"https:\/\/maxradio923.com.ar\/index.php\/wp-json\/wp\/v2\/comments?post=16131"}],"version-history":[{"count":0,"href":"https:\/\/maxradio923.com.ar\/index.php\/wp-json\/wp\/v2\/posts\/16131\/revisions"}],"wp:featuredmedia":[{"embeddable":true,"href":"https:\/\/maxradio923.com.ar\/index.php\/wp-json\/wp\/v2\/media\/16132"}],"wp:attachment":[{"href":"https:\/\/maxradio923.com.ar\/index.php\/wp-json\/wp\/v2\/media?parent=16131"}],"wp:term":[{"taxonomy":"category","embeddable":true,"href":"https:\/\/maxradio923.com.ar\/index.php\/wp-json\/wp\/v2\/categories?post=16131"},{"taxonomy":"post_tag","embeddable":true,"href":"https:\/\/maxradio923.com.ar\/index.php\/wp-json\/wp\/v2\/tags?post=16131"}],"curies":[{"name":"wp","href":"https:\/\/api.w.org\/{rel}","templated":true}]}}