{"id":16127,"date":"2024-01-11T13:28:00","date_gmt":"2024-01-11T16:28:00","guid":{"rendered":"https:\/\/maxradio923.com.ar\/index.php\/2024\/01\/11\/iran-capturo-un-petrolero-estadounidense-en-el-mar-de-oman\/"},"modified":"2024-01-11T13:28:00","modified_gmt":"2024-01-11T16:28:00","slug":"iran-capturo-un-petrolero-estadounidense-en-el-mar-de-oman","status":"publish","type":"post","link":"https:\/\/maxradio923.com.ar\/index.php\/2024\/01\/11\/iran-capturo-un-petrolero-estadounidense-en-el-mar-de-oman\/","title":{"rendered":"Ir\u00e1n captur\u00f3 un petrolero estadounidense en el mar de Om\u00e1n"},"content":{"rendered":"<ul>\n<li>Lo confirm\u00f3 la Marina iran\u00ed y lo atribuy\u00f3 a una orden de la Justicia.<\/li>\n<\/ul>\n","protected":false},"excerpt":{"rendered":"<p>Lo confirm\u00f3 la Marina iran\u00ed y lo atribuy\u00f3 a una orden de la Justicia.<\/p>\n","protected":false},"author":2,"featured_media":16128,"comment_status":"","ping_status":"","sticky":false,"template":"","format":"standard","meta":{"footnotes":""},"categories":[3],"tags":[],"_links":{"self":[{"href":"https:\/\/maxradio923.com.ar\/index.php\/wp-json\/wp\/v2\/posts\/16127"}],"collection":[{"href":"https:\/\/maxradio923.com.ar\/index.php\/wp-json\/wp\/v2\/posts"}],"about":[{"href":"https:\/\/maxradio923.com.ar\/index.php\/wp-json\/wp\/v2\/types\/post"}],"author":[{"embeddable":true,"href":"https:\/\/maxradio923.com.ar\/index.php\/wp-json\/wp\/v2\/users\/2"}],"replies":[{"embeddable":true,"href":"https:\/\/maxradio923.com.ar\/index.php\/wp-json\/wp\/v2\/comments?post=16127"}],"version-history":[{"count":0,"href":"https:\/\/maxradio923.com.ar\/index.php\/wp-json\/wp\/v2\/posts\/16127\/revisions"}],"wp:featuredmedia":[{"embeddable":true,"href":"https:\/\/maxradio923.com.ar\/index.php\/wp-json\/wp\/v2\/media\/16128"}],"wp:attachment":[{"href":"https:\/\/maxradio923.com.ar\/index.php\/wp-json\/wp\/v2\/media?parent=16127"}],"wp:term":[{"taxonomy":"category","embeddable":true,"href":"https:\/\/maxradio923.com.ar\/index.php\/wp-json\/wp\/v2\/categories?post=16127"},{"taxonomy":"post_tag","embeddable":true,"href":"https:\/\/maxradio923.com.ar\/index.php\/wp-json\/wp\/v2\/tags?post=16127"}],"curies":[{"name":"wp","href":"https:\/\/api.w.org\/{rel}","templated":true}]}}