{"id":16119,"date":"2024-01-10T10:09:27","date_gmt":"2024-01-10T13:09:27","guid":{"rendered":"https:\/\/maxradio923.com.ar\/index.php\/2024\/01\/10\/fue-presentada-la-xxii-fiesta-nacional-de-las-destrezas-criollas-y-el-folklore-2024-2\/"},"modified":"2024-01-10T10:09:27","modified_gmt":"2024-01-10T13:09:27","slug":"fue-presentada-la-xxii-fiesta-nacional-de-las-destrezas-criollas-y-el-folklore-2024-2","status":"publish","type":"post","link":"https:\/\/maxradio923.com.ar\/index.php\/2024\/01\/10\/fue-presentada-la-xxii-fiesta-nacional-de-las-destrezas-criollas-y-el-folklore-2024-2\/","title":{"rendered":"Fue presentada la XXII Fiesta Nacional de las Destrezas Criollas y el Folklore 2024"},"content":{"rendered":"<p><img decoding=\"async\" src=\"https:\/\/diariod3.com\/wp-content\/uploads\/2024\/01\/00000-1.webp\"\/><\/p>\n<p>La misma tendr\u00e1 lugar los d\u00edas 10 y 11 de febrero de 2024 en el predio gaucho Jos\u00e9 Dolores, ubicado en M\u00e9dano de Oro.<\/p>\n<p>Estuvieron presentes el presidente de la Federaci\u00f3n Gaucha Sanjuanina, Sergio Gonz\u00e1lez y el presidente Confederaci\u00f3n Gaucha Argentina, Daniel Rojas.<\/p>\n<p>El intendente Munisaga destac\u00f3 la importancia de realizar uno de los eventos gauchos m\u00e1s convocantes del interior del pa\u00eds.<\/p>\n<p>Rojas por su parte, agradeci\u00f3 que el municipio pueda ceder el predio ubicado en Medano de Oro y acompa\u00f1ar \u00abla fiesta iconoco que marca todo un a\u00f1o de trabajo de la Federaci\u00f3n Gaucha de San Juan\u00bb.<\/p>\n<p>El evento contar\u00e1 con ranchos t\u00edpicos, shows art\u00edsticos (locales y nacionales) y jineteadas, con un valor de entradas de $1.000 y $1.500 pesos.<\/p>\n<p>Op: Juan Llarena<\/p>\n","protected":false},"excerpt":{"rendered":"<p>La misma tendr\u00e1 lugar los d\u00edas 10 y 11 de febrero de 2024 en el predio gaucho Jos\u00e9 Dolores, ubicado en M\u00e9dano de Oro.<br \/>\n Estuvieron presentes el presidente de la Federaci\u00f3n Gaucha Sanjuanina, Sergio Gonz\u00e1lez y el presidente Confederaci\u00f3n Gaucha Argentina, Daniel Rojas.<br \/>\n El intendente Munisaga destac\u00f3 la importancia de realizar uno de los eventos gauchos m\u00e1s convocantes del interior del pa\u00eds.<br \/>\n Rojas por su parte, agradeci\u00f3 que el municipio pueda ceder el predio ubicado en Medano de Oro y acompa\u00f1ar \u00abla fiesta iconoco que marca todo un a\u00f1o de trabajo de la Federaci\u00f3n Gaucha de San Juan\u00bb.<br \/>\n El evento contar\u00e1 con ranchos t\u00edpicos, shows art\u00edsticos (locales y nacionales) y jineteadas, con un valor de entradas de $1.000 y $1.500 pesos.<br \/>\n Op: Juan Llarena<\/p>\n","protected":false},"author":2,"featured_media":16120,"comment_status":"","ping_status":"","sticky":false,"template":"","format":"standard","meta":{"footnotes":""},"categories":[10],"tags":[],"_links":{"self":[{"href":"https:\/\/maxradio923.com.ar\/index.php\/wp-json\/wp\/v2\/posts\/16119"}],"collection":[{"href":"https:\/\/maxradio923.com.ar\/index.php\/wp-json\/wp\/v2\/posts"}],"about":[{"href":"https:\/\/maxradio923.com.ar\/index.php\/wp-json\/wp\/v2\/types\/post"}],"author":[{"embeddable":true,"href":"https:\/\/maxradio923.com.ar\/index.php\/wp-json\/wp\/v2\/users\/2"}],"replies":[{"embeddable":true,"href":"https:\/\/maxradio923.com.ar\/index.php\/wp-json\/wp\/v2\/comments?post=16119"}],"version-history":[{"count":0,"href":"https:\/\/maxradio923.com.ar\/index.php\/wp-json\/wp\/v2\/posts\/16119\/revisions"}],"wp:featuredmedia":[{"embeddable":true,"href":"https:\/\/maxradio923.com.ar\/index.php\/wp-json\/wp\/v2\/media\/16120"}],"wp:attachment":[{"href":"https:\/\/maxradio923.com.ar\/index.php\/wp-json\/wp\/v2\/media?parent=16119"}],"wp:term":[{"taxonomy":"category","embeddable":true,"href":"https:\/\/maxradio923.com.ar\/index.php\/wp-json\/wp\/v2\/categories?post=16119"},{"taxonomy":"post_tag","embeddable":true,"href":"https:\/\/maxradio923.com.ar\/index.php\/wp-json\/wp\/v2\/tags?post=16119"}],"curies":[{"name":"wp","href":"https:\/\/api.w.org\/{rel}","templated":true}]}}