{"id":16117,"date":"2024-01-10T10:09:27","date_gmt":"2024-01-10T13:09:27","guid":{"rendered":"https:\/\/maxradio923.com.ar\/index.php\/2024\/01\/10\/inicia-exitoso-ciclo-de-cine-al-aire-libre-en-el-centro-cultural-eva-peron\/"},"modified":"2024-01-10T10:09:27","modified_gmt":"2024-01-10T13:09:27","slug":"inicia-exitoso-ciclo-de-cine-al-aire-libre-en-el-centro-cultural-eva-peron","status":"publish","type":"post","link":"https:\/\/maxradio923.com.ar\/index.php\/2024\/01\/10\/inicia-exitoso-ciclo-de-cine-al-aire-libre-en-el-centro-cultural-eva-peron\/","title":{"rendered":"Inicia Exitoso Ciclo de Cine al Aire Libre en el Centro Cultural Eva Per\u00f3n"},"content":{"rendered":"<p><img decoding=\"async\" src=\"https:\/\/diariod3.com\/wp-content\/uploads\/2024\/01\/a2a4f2f0451e85328c0867565d23286e_XL-750x430-1.webp\"\/>  En el Centro Cultural y Residencia Eva Duarte de Per\u00f3n, ha dado comienzo el tan esperado ciclo de cine, proyect\u00e1ndose todos los viernes de enero a partir de las 20:30. Esta iniciativa, que busca abrir las puertas de la residencia a la comunidad, ha generado gran entusiasmo entre los vecinos.        <\/p>\n<p>Fernanda Vives, directora de la Residencia Eva Duarte de Per\u00f3n, comparti\u00f3 su emoci\u00f3n en una entrevista exclusiva con Canal 8. \u00abHemos abierto a la comunidad junto al centro cultural el ciclo de cine que se emitir\u00e1 todos los viernes en los jardines de la residencia. Es un cine para todo p\u00fablico, con el objetivo de relacionarse y dar participaci\u00f3n a la comunidad con la residencia\u00bb, expres\u00f3 Vives.<\/p>\n<p>La primera proyecci\u00f3n, que tuvo lugar el pasado viernes, present\u00f3 la pel\u00edcula \u00abElementos\u00bb, atrayendo a alrededor de 80 personas. Durante la proyecci\u00f3n, los Reyes Magos sorprendieron a los asistentes, creando una experiencia \u00fanica. Para la pr\u00f3xima funci\u00f3n, se proyectar\u00e1 la pel\u00edcula \u00abMuchachos\u00bb, seguida de \u00abBarbie\u00bb y \u00abAquaman\u00bb. El ciclo continuar\u00e1 durante todo el mes de enero, ofreciendo entrada libre y gratuita para todos aquellos que deseen disfrutar de una noche de cine al aire libre.<\/p>\n<p>Fernanda Vives tambi\u00e9n destac\u00f3 el positivo balance logrado en su primer mes como directora de la residencia. \u00abHemos realizado un buen balance en este primer mes. Tenemos muchas propuestas recreativas para los residentes y nuestro objetivo es abrir las puertas a la comunidad para compartir. Queremos que ellos est\u00e9n bien y se sientan bien, ese es nuestro principal objetivo\u00bb, resalt\u00f3 Vives.<\/p>\n<p>OPERADOR: EUGENIA VILA<\/p>\n","protected":false},"excerpt":{"rendered":"<p>En el Centro Cultural y Residencia Eva Duarte de Per\u00f3n, ha dado comienzo el tan esperado ciclo de cine, proyect\u00e1ndose todos los viernes de enero a partir de las 20:30. Esta iniciativa, que busca abrir las puertas de la residencia a la comunidad, ha generado gran entusiasmo entre los vecinos. Fernanda Vives, directora de la Residencia Eva Duarte de Per\u00f3n, comparti\u00f3 su emoci\u00f3n en una entrevista exclusiva con Canal 8. \u00abHemos abierto a la comunidad junto al centro cultural el ciclo de cine que se emitir\u00e1 todos los viernes en los jardines de la residencia. Es un cine para todo p\u00fablico, con el objetivo de relacionarse y dar participaci\u00f3n a la comunidad con la residencia\u00bb, expres\u00f3 Vives.<br \/>\n La primera proyecci\u00f3n, que tuvo lugar el pasado viernes, present\u00f3 la pel\u00edcula \u00abElementos\u00bb, atrayendo a alrededor de 80 personas. Durante la proyecci\u00f3n, los Reyes Magos sorprendieron a los asistentes, creando una experiencia \u00fanica. Para la pr\u00f3xima funci\u00f3n, se proyectar\u00e1 la pel\u00edcula \u00abMuchachos\u00bb, seguida de \u00abBa..<\/p>\n","protected":false},"author":2,"featured_media":16118,"comment_status":"","ping_status":"","sticky":false,"template":"","format":"standard","meta":{"footnotes":""},"categories":[10],"tags":[],"_links":{"self":[{"href":"https:\/\/maxradio923.com.ar\/index.php\/wp-json\/wp\/v2\/posts\/16117"}],"collection":[{"href":"https:\/\/maxradio923.com.ar\/index.php\/wp-json\/wp\/v2\/posts"}],"about":[{"href":"https:\/\/maxradio923.com.ar\/index.php\/wp-json\/wp\/v2\/types\/post"}],"author":[{"embeddable":true,"href":"https:\/\/maxradio923.com.ar\/index.php\/wp-json\/wp\/v2\/users\/2"}],"replies":[{"embeddable":true,"href":"https:\/\/maxradio923.com.ar\/index.php\/wp-json\/wp\/v2\/comments?post=16117"}],"version-history":[{"count":0,"href":"https:\/\/maxradio923.com.ar\/index.php\/wp-json\/wp\/v2\/posts\/16117\/revisions"}],"wp:featuredmedia":[{"embeddable":true,"href":"https:\/\/maxradio923.com.ar\/index.php\/wp-json\/wp\/v2\/media\/16118"}],"wp:attachment":[{"href":"https:\/\/maxradio923.com.ar\/index.php\/wp-json\/wp\/v2\/media?parent=16117"}],"wp:term":[{"taxonomy":"category","embeddable":true,"href":"https:\/\/maxradio923.com.ar\/index.php\/wp-json\/wp\/v2\/categories?post=16117"},{"taxonomy":"post_tag","embeddable":true,"href":"https:\/\/maxradio923.com.ar\/index.php\/wp-json\/wp\/v2\/tags?post=16117"}],"curies":[{"name":"wp","href":"https:\/\/api.w.org\/{rel}","templated":true}]}}