{"id":16105,"date":"2024-01-10T10:08:25","date_gmt":"2024-01-10T13:08:25","guid":{"rendered":"https:\/\/maxradio923.com.ar\/index.php\/2024\/01\/10\/malestar-judicial-por-falsa-denuncia-de-violacion-liberan-a-hombre-detenido\/"},"modified":"2024-01-10T10:08:25","modified_gmt":"2024-01-10T13:08:25","slug":"malestar-judicial-por-falsa-denuncia-de-violacion-liberan-a-hombre-detenido","status":"publish","type":"post","link":"https:\/\/maxradio923.com.ar\/index.php\/2024\/01\/10\/malestar-judicial-por-falsa-denuncia-de-violacion-liberan-a-hombre-detenido\/","title":{"rendered":"Malestar Judicial por Falsa Denuncia de Violaci\u00f3n: Liberan a Hombre Detenido"},"content":{"rendered":"<p><img decoding=\"async\" src=\"https:\/\/diariod3.com\/wp-content\/uploads\/2024\/01\/dcc100124-007f06_crop1704840825721.jpg_1536916664.png\"\/><\/p>\n<p>El sistema judicial expresa su malestar tras el caso de una mujer que denunci\u00f3 a su expareja por violaci\u00f3n, llevando a su detenci\u00f3n, solo para retractarse d\u00edas despu\u00e9s.<\/p>\n<p>JRV, de 43 a\u00f1os, fue liberado por disposici\u00f3n del juez de Garant\u00edas Federico Rodr\u00edguez. El fiscal Alejandro Mattar hab\u00eda ordenado la detenci\u00f3n bas\u00e1ndose en la denuncia de la mujer. Sin embargo, d\u00edas despu\u00e9s, ella se retract\u00f3, afirmando que todo era falso. El juez orden\u00f3 la inmediata liberaci\u00f3n de JRV y una prohibici\u00f3n de acercamiento hacia la mujer.<\/p>\n<p>El Ministerio P\u00fablico Fiscal (MPF) iba a formalizar la acusaci\u00f3n por abuso sexual con acceso carnal, con penas de 6 a 15 a\u00f1os. Sin embargo, la retractaci\u00f3n de la denunciante llev\u00f3 a la no formalizaci\u00f3n de la causa. Se espera un informe del personal especializado de la Unidad Fiscal de Investigaciones (UFI) Cavig.<\/p>\n<p>Se plantea la posibilidad de que la mujer haya presentado una denuncia falsa como represalia a una medida judicial que la excluy\u00f3 de su hogar debido a las acusaciones de violencia de g\u00e9nero realizadas por el hombre. La denunciante presentaba lesiones en el ano seg\u00fan un examen m\u00e9dico, pero no se pudo determinar el origen, dejando la posibilidad de autoagresi\u00f3n.<\/p>\n<p>El MPF podr\u00eda iniciar acciones legales contra la mujer si se confirma que present\u00f3 una denuncia falsa. La UFI Cavig espera los informes de los estudios realizados.<\/p>\n<p>Op: Juan Llarena<\/p>\n","protected":false},"excerpt":{"rendered":"<p>El sistema judicial expresa su malestar tras el caso de una mujer que denunci\u00f3 a su expareja por violaci\u00f3n, llevando a su detenci\u00f3n, solo para retractarse d\u00edas despu\u00e9s.<br \/>\n JRV, de 43 a\u00f1os, fue liberado por disposici\u00f3n del juez de Garant\u00edas Federico Rodr\u00edguez. El fiscal Alejandro Mattar hab\u00eda ordenado la detenci\u00f3n bas\u00e1ndose en la denuncia de la mujer. Sin embargo, d\u00edas despu\u00e9s, ella se retract\u00f3, afirmando que todo era falso. El juez orden\u00f3 la inmediata liberaci\u00f3n de JRV y una prohibici\u00f3n de acercamiento hacia la mujer.<br \/>\n El Ministerio P\u00fablico Fiscal (MPF) iba a formalizar la acusaci\u00f3n por abuso sexual con acceso carnal, con penas de 6 a 15 a\u00f1os. Sin embargo, la retractaci\u00f3n de la denunciante llev\u00f3 a la no formalizaci\u00f3n de la causa. Se espera un informe del personal especializado de la Unidad Fiscal de Investigaciones (UFI) Cavig.<br \/>\n Se plantea la posibilidad de que la mujer haya presentado una denuncia falsa como represalia a una medida judicial que la excluy\u00f3 de su hogar debido a las acusac..<\/p>\n","protected":false},"author":2,"featured_media":16106,"comment_status":"","ping_status":"","sticky":false,"template":"","format":"standard","meta":{"footnotes":""},"categories":[8],"tags":[],"_links":{"self":[{"href":"https:\/\/maxradio923.com.ar\/index.php\/wp-json\/wp\/v2\/posts\/16105"}],"collection":[{"href":"https:\/\/maxradio923.com.ar\/index.php\/wp-json\/wp\/v2\/posts"}],"about":[{"href":"https:\/\/maxradio923.com.ar\/index.php\/wp-json\/wp\/v2\/types\/post"}],"author":[{"embeddable":true,"href":"https:\/\/maxradio923.com.ar\/index.php\/wp-json\/wp\/v2\/users\/2"}],"replies":[{"embeddable":true,"href":"https:\/\/maxradio923.com.ar\/index.php\/wp-json\/wp\/v2\/comments?post=16105"}],"version-history":[{"count":0,"href":"https:\/\/maxradio923.com.ar\/index.php\/wp-json\/wp\/v2\/posts\/16105\/revisions"}],"wp:featuredmedia":[{"embeddable":true,"href":"https:\/\/maxradio923.com.ar\/index.php\/wp-json\/wp\/v2\/media\/16106"}],"wp:attachment":[{"href":"https:\/\/maxradio923.com.ar\/index.php\/wp-json\/wp\/v2\/media?parent=16105"}],"wp:term":[{"taxonomy":"category","embeddable":true,"href":"https:\/\/maxradio923.com.ar\/index.php\/wp-json\/wp\/v2\/categories?post=16105"},{"taxonomy":"post_tag","embeddable":true,"href":"https:\/\/maxradio923.com.ar\/index.php\/wp-json\/wp\/v2\/tags?post=16105"}],"curies":[{"name":"wp","href":"https:\/\/api.w.org\/{rel}","templated":true}]}}