{"id":16103,"date":"2024-01-10T10:08:14","date_gmt":"2024-01-10T13:08:14","guid":{"rendered":"https:\/\/maxradio923.com.ar\/index.php\/2024\/01\/10\/sectores-de-la-cultura-convocan-a-un-musicazo-contra-la-ley-omnibus\/"},"modified":"2024-01-10T10:08:14","modified_gmt":"2024-01-10T13:08:14","slug":"sectores-de-la-cultura-convocan-a-un-musicazo-contra-la-ley-omnibus","status":"publish","type":"post","link":"https:\/\/maxradio923.com.ar\/index.php\/2024\/01\/10\/sectores-de-la-cultura-convocan-a-un-musicazo-contra-la-ley-omnibus\/","title":{"rendered":"Sectores de la cultura convocan a un \u00abMusicazo\u00bb contra la \u00abley \u00f3mnibus\u00bb"},"content":{"rendered":"<p><img decoding=\"async\" src=\"https:\/\/diariod3.com\/wp-content\/uploads\/2024\/01\/659e860a0f008_1200.jpg\"\/><\/p>\n<p>Diferentes sectores de la cultura volver\u00e1n a convocarse este jueves a las 18 en la Plaza del Congreso, con un denominado \u201cMusicazo\u201d para alertar sobre el impacto negativo para el sector de las modificaciones incluidas en la ley de \u00abBases y Puntos de Partida para la Libertad de los Argentinos\u00bb, dado que<strong> \u00abse incluye el desfinanciamiento del Instituto Nacional de la M\u00fasica (INaMu) y la eliminaci\u00f3n del Fondo Nacional de las Artes (FNA)\u00bb.<\/strong><\/p>\n<p>Los organizadores del <strong>Frente de Soberan\u00eda Cultura<\/strong> invitaron a toda la comunidad y a quienes est\u00e9n interesados en participar a \u201cformar parte y llevar su instrumento musical y sumarse a cantar\u201d y detallaron que habr\u00e1 int\u00e9rpretes de varios g\u00e9neros -desde el folclore hasta el trap- llevando adelante un repertorio de canciones \u201cque sepamos todos\u201d.<\/p>\n<p>\u00abEl INaMu, con las medidas legislativas impulsadas por el gobierno libertario, dejar\u00eda de ser un ente p\u00fablico no estatal y aut\u00e1rquico para pasar a ser un organismo descentralizado de la Secretar\u00eda de Cultura en el Ministerio de Capital Humano\u00bb, recordaron.<\/p>\n<p>\u00abOtro punto es la disoluci\u00f3n de la Asamblea Federal, compuesta por representantes gubernamentales de cultura de las provincias, que aprueban la gesti\u00f3n, proyectos, recursos, y decisiones\u00bb, puntualizaron y recalcaron que \u00abesto tambi\u00e9n impacta en los fondos espec\u00edficos para la m\u00fasica, que entrar\u00edan en la misma modalidad y, por ende, dejar\u00edan de ser repartidos de forma federal para hacerlo de manera nacional\u00bb.<\/p>\n<p>Adem\u00e1s, apuntaron que \u00abdeja sin participaci\u00f3n a las organizaciones de m\u00fasicos de todo el pa\u00eds que participan ad honorem y exige que se repartan entradas al p\u00fablico para recitales o shows, desnaturalizando su funci\u00f3n de fomento a la producci\u00f3n musical\u00bb.<\/p>\n<p>Por otro lado, destacaron que<strong> \u00abse elimina el Art\u00edculo 31 de la Ley 26.801, que declara como \u201cnecesaria\u201d la actuaci\u00f3n de un m\u00fasico nacional cada vez que un m\u00fasico extranjero o agrupaci\u00f3n musical extranjera se presente en vivo\u201d.<\/strong><\/p>\n<p>Seg\u00fan el \u00faltimo informe publicado, el INaMu, junto al Ministerio de Cultura de la Naci\u00f3n, otorg\u00f3 1135 subsidios por $100 millones para que grupos y solistas de todas las provincias puedan realizar conciertos y giras, producciones fonogr\u00e1ficas, audiovisuales, incluyendo una l\u00ednea exclusiva para agrupaciones corales.<\/p>\n<p>Adem\u00e1s, llev\u00f3 adelante programas para la difusi\u00f3n regional, nacional e internacional de m\u00fasica nacional.<\/p>\n<p><strong>El FNA dispuso un presupuesto de $1500 millones en 2023<\/strong>, de los cuales s\u00f3lo un porcentaje m\u00ednimo provino del Tesoro Nacional. Con parte de esos recursos, entreg\u00f3 1475 becas en g\u00e9neros como Artesan\u00edas, Teatro y Artes Circenses, Danza, Artes Visuales, Dise\u00f1o, Arquitectura, Audiovisuales, Letras, M\u00fasica y Patrimonio. Tambi\u00e9n distribuy\u00f3 concursos, pr\u00e9stamos y subsidios.<\/p>\n<p>Adem\u00e1s, un grupo de trabajadores de distintas ramas de la cultura de la regi\u00f3n de La Plata, Berisso y Ensenada realizar\u00e1n este mi\u00e9rcoles a un \u00abCacerolazo Cultural Nacional\u00bb contra del Decreto de Necesidad y Urgencia (DNU) que busca desregular la econom\u00eda y la denominada ley \u00f3mnibus presentada ante el Congreso por el Poder Ejecutivo.<\/p>\n<p>\u201cEncendamos la lucha, para que no apaguen la Cultura\u00bb, ser\u00e1 la consigna de esta convocatoria impulsada por el colectivo \u00abUnidxs x la Cultura de La Plata, Berisso y Ensenada\u00bb, que le reclamar\u00e1 a los diputados y senadores que \u00ablegislen a favor del pueblo y rechacen el DNU y la ley \u00f3mnibus propuesta por el Poder Ejecutivo\u00bb.<\/p>\n<p>La manifestaci\u00f3n s<strong>e llevar\u00e1 a cabo a partir de las 18, en las calles 7 y 50 de la capital bonaerense<\/strong>, y pretende ser \u00abuna visibilizaci\u00f3n\u00bb art\u00edstica contra esas iniciativas del gobierno del presidente Javier Milei.<\/p>\n<p>\u00abDesfinanciar a la Conabip (La Comisi\u00f3n Nacional de Bibliotecas Populares) condena al cierre a cientos de bibliotecas populares, espacios de cultura y pertenencia de miles de familias de todo el pa\u00eds. Pretender desfinanciar el Incaa (Instituto Nacional de Cine y Artes Audiovisuales) quit\u00e1ndole sus ingresos convertir\u00eda a nuestro Cine, de una gran diversidad, apreciado en el mundo por su calidad y contenido, en una actividad restrictiva reservada a unas pocas empresas, concentrando a\u00fan m\u00e1s el mercado, reduciendo dr\u00e1sticamente la producci\u00f3n y dejando en la calle a miles de trabajadores\u00bb, sostuvo el texto.<\/p>\n<p>Seg\u00fan los organizadores, habr\u00e1 distintas expresiones y manifestaciones de la cultura, m\u00fasica, danza, poes\u00eda, artes pl\u00e1sticas y artistas y trabajadores de la cultura.<\/p>\n<p>Fuente: T\u00e9lam<br \/>\nOp: Rivero Cecilia<\/p>\n","protected":false},"excerpt":{"rendered":"<p>Diferentes sectores de la cultura volver\u00e1n a convocarse este jueves a las 18 en la Plaza del Congreso, con un denominado \u201cMusicazo\u201d para alertar sobre el impacto negativo para el sector de las modificaciones incluidas en la ley de \u00abBases y Puntos de Partida para la Libertad de los Argentinos\u00bb, dado que \u00abse incluye el desfinanciamiento del Instituto Nacional de la M\u00fasica (INaMu) y la eliminaci\u00f3n del Fondo Nacional de las Artes (FNA)\u00bb.<\/p>\n<p>Los organizadores del Frente de Soberan\u00eda Cultura invitaron a toda la comunidad y a quienes est\u00e9n interesados en participar a \u201cformar parte y llevar su instrumento musical y sumarse a cantar\u201d y detallaron que habr\u00e1 int\u00e9rpretes de varios g\u00e9neros -desde el folclore hasta el trap- llevando adelante un repertorio de canciones \u201cque sepamos todos\u201d.<\/p>\n<p>\u00abEl INaMu, con las medidas legislativas impulsadas por el gobierno libertario, dejar\u00eda de ser un ente p\u00fablico no estatal y aut\u00e1rquico para pasar a ser un organismo descentralizado de la Secretar\u00eda de Cultura en el M..<\/p>\n","protected":false},"author":2,"featured_media":16104,"comment_status":"","ping_status":"","sticky":false,"template":"","format":"standard","meta":{"footnotes":""},"categories":[12],"tags":[],"_links":{"self":[{"href":"https:\/\/maxradio923.com.ar\/index.php\/wp-json\/wp\/v2\/posts\/16103"}],"collection":[{"href":"https:\/\/maxradio923.com.ar\/index.php\/wp-json\/wp\/v2\/posts"}],"about":[{"href":"https:\/\/maxradio923.com.ar\/index.php\/wp-json\/wp\/v2\/types\/post"}],"author":[{"embeddable":true,"href":"https:\/\/maxradio923.com.ar\/index.php\/wp-json\/wp\/v2\/users\/2"}],"replies":[{"embeddable":true,"href":"https:\/\/maxradio923.com.ar\/index.php\/wp-json\/wp\/v2\/comments?post=16103"}],"version-history":[{"count":0,"href":"https:\/\/maxradio923.com.ar\/index.php\/wp-json\/wp\/v2\/posts\/16103\/revisions"}],"wp:featuredmedia":[{"embeddable":true,"href":"https:\/\/maxradio923.com.ar\/index.php\/wp-json\/wp\/v2\/media\/16104"}],"wp:attachment":[{"href":"https:\/\/maxradio923.com.ar\/index.php\/wp-json\/wp\/v2\/media?parent=16103"}],"wp:term":[{"taxonomy":"category","embeddable":true,"href":"https:\/\/maxradio923.com.ar\/index.php\/wp-json\/wp\/v2\/categories?post=16103"},{"taxonomy":"post_tag","embeddable":true,"href":"https:\/\/maxradio923.com.ar\/index.php\/wp-json\/wp\/v2\/tags?post=16103"}],"curies":[{"name":"wp","href":"https:\/\/api.w.org\/{rel}","templated":true}]}}