{"id":16099,"date":"2024-01-10T10:08:08","date_gmt":"2024-01-10T13:08:08","guid":{"rendered":"https:\/\/maxradio923.com.ar\/index.php\/2024\/01\/10\/intruso-sorprendido-ladrones-arrestados-despues-de-ser-descubiertos-en-una-casa-de-santa-lucia\/"},"modified":"2024-01-10T10:08:08","modified_gmt":"2024-01-10T13:08:08","slug":"intruso-sorprendido-ladrones-arrestados-despues-de-ser-descubiertos-en-una-casa-de-santa-lucia","status":"publish","type":"post","link":"https:\/\/maxradio923.com.ar\/index.php\/2024\/01\/10\/intruso-sorprendido-ladrones-arrestados-despues-de-ser-descubiertos-en-una-casa-de-santa-lucia\/","title":{"rendered":"Intruso Sorprendido: Ladrones Arrestados Despu\u00e9s de Ser Descubiertos en una Casa de Santa Luc\u00eda"},"content":{"rendered":"<p><img decoding=\"async\" src=\"https:\/\/grupomorenomedios.com.ar\/wp-content\/uploads\/2024\/01\/patrullero-movil-policiajpeg-3.jpe\"\/><\/p>\n<p><img decoding=\"async\" src=\"https:\/\/diariod3.com\/wp-content\/uploads\/2023\/12\/patrullero-movil-policiajpeg.jpeg\"\/><\/p>\n<p>El propietario, al abrir la puerta de su casa, se encontr\u00f3 con la presencia de un intruso revisando sus pertenencias. R\u00e1pidamente, la Polic\u00eda fue alertada sobre la situaci\u00f3n y se dirigi\u00f3 al lugar.<\/p>\n<p>Seg\u00fan informaci\u00f3n proporcionada por la Comisar\u00eda 29\u00ba, al llegar al domicilio, un hombre de 25 a\u00f1os encontr\u00f3 al ladr\u00f3n en el interior de la vivienda. Al percatarse de la llegada del due\u00f1o, el delincuente intent\u00f3 huir por la puerta trasera, que hab\u00eda sido forzada.<\/p>\n<p>La r\u00e1pida acci\u00f3n del propietario y la pronta intervenci\u00f3n policial permitieron la detenci\u00f3n del ladr\u00f3n, un individuo de 58 a\u00f1os. En el momento de su arresto, llevaba consigo una mochila negra. El ayudante de fiscal dispuso que se lo vinculara a la causa bajo la car\u00e1tula de \u00abHurto simple\u00bb. El hecho demuestra la importancia de la colaboraci\u00f3n ciudadana y la r\u00e1pida respuesta policial para abordar situaciones de intrusi\u00f3n y delito.<\/p>\n<p>Op: Juan Llarena<\/p>\n<p>La entrada Intruso Sorprendido: Ladrones Arrestados Despu\u00e9s de Ser Descubiertos en una Casa de Santa Luc\u00eda se public\u00f3 primero en DIARIO DIGITAL MORENO MEDIOS.<\/p>\n","protected":false},"excerpt":{"rendered":"<p>El propietario, al abrir la puerta de su casa, se encontr\u00f3 con la presencia de un intruso revisando sus pertenencias. R\u00e1pidamente, la Polic\u00eda fue alertada sobre la situaci\u00f3n y se dirigi\u00f3 al lugar. Seg\u00fan informaci\u00f3n proporcionada por la Comisar\u00eda 29\u00ba, al llegar al domicilio, un hombre de 25 a\u00f1os encontr\u00f3 al ladr\u00f3n en el interior [&hellip;]<\/p>\n","protected":false},"author":1,"featured_media":16100,"comment_status":"","ping_status":"","sticky":false,"template":"","format":"standard","meta":{"footnotes":""},"categories":[5],"tags":[],"_links":{"self":[{"href":"https:\/\/maxradio923.com.ar\/index.php\/wp-json\/wp\/v2\/posts\/16099"}],"collection":[{"href":"https:\/\/maxradio923.com.ar\/index.php\/wp-json\/wp\/v2\/posts"}],"about":[{"href":"https:\/\/maxradio923.com.ar\/index.php\/wp-json\/wp\/v2\/types\/post"}],"author":[{"embeddable":true,"href":"https:\/\/maxradio923.com.ar\/index.php\/wp-json\/wp\/v2\/users\/1"}],"replies":[{"embeddable":true,"href":"https:\/\/maxradio923.com.ar\/index.php\/wp-json\/wp\/v2\/comments?post=16099"}],"version-history":[{"count":0,"href":"https:\/\/maxradio923.com.ar\/index.php\/wp-json\/wp\/v2\/posts\/16099\/revisions"}],"wp:featuredmedia":[{"embeddable":true,"href":"https:\/\/maxradio923.com.ar\/index.php\/wp-json\/wp\/v2\/media\/16100"}],"wp:attachment":[{"href":"https:\/\/maxradio923.com.ar\/index.php\/wp-json\/wp\/v2\/media?parent=16099"}],"wp:term":[{"taxonomy":"category","embeddable":true,"href":"https:\/\/maxradio923.com.ar\/index.php\/wp-json\/wp\/v2\/categories?post=16099"},{"taxonomy":"post_tag","embeddable":true,"href":"https:\/\/maxradio923.com.ar\/index.php\/wp-json\/wp\/v2\/tags?post=16099"}],"curies":[{"name":"wp","href":"https:\/\/api.w.org\/{rel}","templated":true}]}}