{"id":16088,"date":"2024-01-10T10:07:44","date_gmt":"2024-01-10T13:07:44","guid":{"rendered":"https:\/\/maxradio923.com.ar\/index.php\/2024\/01\/10\/crisis-en-ecuador-en-vivo-el-primer-dia-de-violencia-narco-dejo-10-muertos-y-70-detenidos-y-se-espera-otro-dia-lleno-de-tension-en-las-calles\/"},"modified":"2024-01-10T10:07:44","modified_gmt":"2024-01-10T13:07:44","slug":"crisis-en-ecuador-en-vivo-el-primer-dia-de-violencia-narco-dejo-10-muertos-y-70-detenidos-y-se-espera-otro-dia-lleno-de-tension-en-las-calles","status":"publish","type":"post","link":"https:\/\/maxradio923.com.ar\/index.php\/2024\/01\/10\/crisis-en-ecuador-en-vivo-el-primer-dia-de-violencia-narco-dejo-10-muertos-y-70-detenidos-y-se-espera-otro-dia-lleno-de-tension-en-las-calles\/","title":{"rendered":"Crisis en Ecuador, EN VIVO: el primer d\u00eda de violencia narco dej\u00f3 10 muertos y 70 detenidos, y se espera otro d\u00eda lleno de tensi\u00f3n en las calles"},"content":{"rendered":"<ul>\n<li>Son las cifras oficiales que maneja el gobierno de Daniel Noboa hasta el momento. <\/li>\n<li>El foco de tensi\u00f3n est\u00e1 puesto en Guayaquil, donde se moviliz\u00f3 al ej\u00e9rcito. <\/li>\n<li>Ayer hubo saqueos, enfrentamientos a tiros y la toma de un canal de TV y una universidad.<\/li>\n<\/ul>\n","protected":false},"excerpt":{"rendered":"<p>Son las cifras oficiales que maneja el gobierno de Daniel Noboa hasta el momento. El foco de tensi\u00f3n est\u00e1 puesto en Guayaquil, donde se moviliz\u00f3 al ej\u00e9rcito. Ayer hubo saqueos, enfrentamientos a tiros y la toma de un canal de TV y una universidad.<\/p>\n","protected":false},"author":2,"featured_media":16089,"comment_status":"","ping_status":"","sticky":false,"template":"","format":"standard","meta":{"footnotes":""},"categories":[3],"tags":[],"_links":{"self":[{"href":"https:\/\/maxradio923.com.ar\/index.php\/wp-json\/wp\/v2\/posts\/16088"}],"collection":[{"href":"https:\/\/maxradio923.com.ar\/index.php\/wp-json\/wp\/v2\/posts"}],"about":[{"href":"https:\/\/maxradio923.com.ar\/index.php\/wp-json\/wp\/v2\/types\/post"}],"author":[{"embeddable":true,"href":"https:\/\/maxradio923.com.ar\/index.php\/wp-json\/wp\/v2\/users\/2"}],"replies":[{"embeddable":true,"href":"https:\/\/maxradio923.com.ar\/index.php\/wp-json\/wp\/v2\/comments?post=16088"}],"version-history":[{"count":0,"href":"https:\/\/maxradio923.com.ar\/index.php\/wp-json\/wp\/v2\/posts\/16088\/revisions"}],"wp:featuredmedia":[{"embeddable":true,"href":"https:\/\/maxradio923.com.ar\/index.php\/wp-json\/wp\/v2\/media\/16089"}],"wp:attachment":[{"href":"https:\/\/maxradio923.com.ar\/index.php\/wp-json\/wp\/v2\/media?parent=16088"}],"wp:term":[{"taxonomy":"category","embeddable":true,"href":"https:\/\/maxradio923.com.ar\/index.php\/wp-json\/wp\/v2\/categories?post=16088"},{"taxonomy":"post_tag","embeddable":true,"href":"https:\/\/maxradio923.com.ar\/index.php\/wp-json\/wp\/v2\/tags?post=16088"}],"curies":[{"name":"wp","href":"https:\/\/api.w.org\/{rel}","templated":true}]}}