{"id":16086,"date":"2024-01-10T10:07:43","date_gmt":"2024-01-10T13:07:43","guid":{"rendered":"https:\/\/maxradio923.com.ar\/index.php\/2024\/01\/10\/por-que-estalla-la-violencia-en-ecuador-las-claves-del-temible-avance-del-narcotrafico-en-el-pais\/"},"modified":"2024-01-10T10:07:43","modified_gmt":"2024-01-10T13:07:43","slug":"por-que-estalla-la-violencia-en-ecuador-las-claves-del-temible-avance-del-narcotrafico-en-el-pais","status":"publish","type":"post","link":"https:\/\/maxradio923.com.ar\/index.php\/2024\/01\/10\/por-que-estalla-la-violencia-en-ecuador-las-claves-del-temible-avance-del-narcotrafico-en-el-pais\/","title":{"rendered":"\u00bfPor qu\u00e9 estalla la violencia en Ecuador? Las claves del temible avance del narcotr\u00e1fico en el pa\u00eds"},"content":{"rendered":"<p><img decoding=\"async\" alt=\"Un tanque militar recorre el centro de la capital de Ecuador, tras la declaraci\u00f3n de &quot;conflicto armado interno&quot;. Foto: REUTERS \" src=\"https:\/\/www.clarin.com\/img\/2024\/01\/10\/5dnO-2vMQ_720x0__1.jpg\"\/>Un tanque militar recorre el centro de la capital de Ecuador, tras la declaraci\u00f3n de &quot;conflicto armado interno&quot;. Foto: REUTERS <img decoding=\"async\" alt=\"La polic\u00eda detiene a presuntos delincuentes a pocas cuadras de la sede del canal de televisi\u00f3n TC, en Guayaquil, donde encapuchados armados  sometieron a su personal. Foto: EFE   \" src=\"https:\/\/www.clarin.com\/img\/2024\/01\/10\/aCyeM22_c_720x0__1.jpg\"\/>La polic\u00eda detiene a presuntos delincuentes a pocas cuadras de la sede del canal de televisi\u00f3n TC, en Guayaquil, donde encapuchados armados  sometieron a su personal. Foto: EFE<\/p>\n","protected":false},"excerpt":{"rendered":"<p>Un tanque militar recorre el centro de la capital de Ecuador, tras la declaraci\u00f3n de &#8220;conflicto armado interno&#8221;. Foto: REUTERS La polic\u00eda detiene a presuntos delincuentes a pocas cuadras de la sede del canal de televisi\u00f3n TC, en Guayaquil, donde encapuchados armados sometieron a su personal. Foto: EFE<\/p>\n","protected":false},"author":2,"featured_media":16087,"comment_status":"","ping_status":"","sticky":false,"template":"","format":"standard","meta":{"footnotes":""},"categories":[3],"tags":[],"_links":{"self":[{"href":"https:\/\/maxradio923.com.ar\/index.php\/wp-json\/wp\/v2\/posts\/16086"}],"collection":[{"href":"https:\/\/maxradio923.com.ar\/index.php\/wp-json\/wp\/v2\/posts"}],"about":[{"href":"https:\/\/maxradio923.com.ar\/index.php\/wp-json\/wp\/v2\/types\/post"}],"author":[{"embeddable":true,"href":"https:\/\/maxradio923.com.ar\/index.php\/wp-json\/wp\/v2\/users\/2"}],"replies":[{"embeddable":true,"href":"https:\/\/maxradio923.com.ar\/index.php\/wp-json\/wp\/v2\/comments?post=16086"}],"version-history":[{"count":0,"href":"https:\/\/maxradio923.com.ar\/index.php\/wp-json\/wp\/v2\/posts\/16086\/revisions"}],"wp:featuredmedia":[{"embeddable":true,"href":"https:\/\/maxradio923.com.ar\/index.php\/wp-json\/wp\/v2\/media\/16087"}],"wp:attachment":[{"href":"https:\/\/maxradio923.com.ar\/index.php\/wp-json\/wp\/v2\/media?parent=16086"}],"wp:term":[{"taxonomy":"category","embeddable":true,"href":"https:\/\/maxradio923.com.ar\/index.php\/wp-json\/wp\/v2\/categories?post=16086"},{"taxonomy":"post_tag","embeddable":true,"href":"https:\/\/maxradio923.com.ar\/index.php\/wp-json\/wp\/v2\/tags?post=16086"}],"curies":[{"name":"wp","href":"https:\/\/api.w.org\/{rel}","templated":true}]}}