{"id":16078,"date":"2024-01-09T20:52:19","date_gmt":"2024-01-09T23:52:19","guid":{"rendered":"https:\/\/maxradio923.com.ar\/index.php\/2024\/01\/09\/https-diariod3-com-49407-2\/"},"modified":"2024-01-09T20:52:19","modified_gmt":"2024-01-09T23:52:19","slug":"https-diariod3-com-49407-2","status":"publish","type":"post","link":"https:\/\/maxradio923.com.ar\/index.php\/2024\/01\/09\/https-diariod3-com-49407-2\/","title":{"rendered":"https:\/\/diariod3.com\/49407-2\/"},"content":{"rendered":"<p><img decoding=\"async\" src=\"https:\/\/diariod3.com\/wp-content\/uploads\/2024\/01\/turismo2.jpg\"\/>   <strong>El programa fue ideado y planificado por el ministerio de Turismo en conjunto con empresas y emprendedores de toda la provincia. Hay importantes descuentos en alojamiento, gastronom\u00eda y distintas actividades.<\/strong>                <\/p>\n<p>Ofrecer la oportunidad a los sanjuaninos para que puedan recorrer la provincia con beneficios exclusivos. Con ese objetivo, desde el ministerio de Turismo, Cultura y Deportes idearon \u00ab<em><strong>San Juan para Sanjuaninos<\/strong><\/em>\u00ab, un programa que cuenta con importantes descuentos y promociones para los que decidan apostar a estas tierras para disfrutar del receso de verano.<\/p>\n<p>En medio de un contexto econ\u00f3mico especial, desde la Secretar\u00eda de Turismo convocaron a emprendedores, gastron\u00f3micos, hoteleros y empresarios en general para invitarlos a que ofrezcan descuentos en San Juan. <strong>M\u00e1s de 90 firmas se interesaron en la iniciativa y se sumaron al desaf\u00edo que entrar\u00e1 en vigencia esta semana. <\/strong><\/p>\n<p><img decoding=\"async\" src=\"https:\/\/www.diariolaprovinciasj.com\/u\/fotografias\/m\/2024\/1\/7\/f768x1-362222_362349_0.jpg\"\/><\/p>\n<p>\u00abEl programa es para aprovechar este contexto que vive el pa\u00eds. La mayor\u00eda de los sanjuaninos puede vacacionar poco en lo que normalmente lo hac\u00eda, como son las playas o el exterior. Por eso, <em><strong>entre el gobierno y los privados, hicimos un esfuerzo de colaboraci\u00f3n para que el sanjuanino pueda conocer San Juan gracias a importantes descuentos<\/strong><\/em>\u00ab, comenz\u00f3 explicando la secretaria de Turismo, Bel\u00e9n Barboza, a <strong>Diario La Provincia SJ<\/strong>.<\/p>\n<p>El programa cuenta con importantes promociones en distintos rubros. Por ejemplo, en alojamiento hay <strong>descuentos de 10%, 15% y 20% en distintos puntos de la provincia y hasta promociones que implican pagas 4 noches y una m\u00e1s va de regalo.<\/strong><\/p>\n<p>\u00ab<em><strong>Se han inscrito ya m\u00e1s de 90 emprendedores, que se han sumado al programa. Es much\u00edsimo y todos dispuestos a colaborar porque desde el Estado tambi\u00e9n se va a hacer una gran inversi\u00f3n en difusi\u00f3n. Ha tenido mucha repercusi\u00f3n, as\u00ed que estamos muy contentos con esto<\/strong><\/em>\u00ab, agreg\u00f3 Barboza.<\/p>\n<p>\u00ab<strong>San Juan para Sanjuaninos<\/strong>\u00bb se va a manejar a trav\u00e9s de un link, donde cada persona se va a poder meter para seleccionar desde alojamiento y servicios hasta deporte y aventura, entre otros tantos \u00edtems. Cada empresa o emprendedor mostrar\u00e1 sus descuentos y promociones organizados por departamentos e incluir\u00e1 un tel\u00e9fono o forma de contacto. El pago se podr\u00e1 hacer con distintas formas de pago, desde billetera virtual hasta efectivo o tarjeta.<\/p>\n<p>\u00ab<em><strong>Por el momento va a tener vigencia para enero y febrero y despu\u00e9s vemos si podemos extenderlo tambi\u00e9n al mes de marzo<\/strong><\/em>\u00ab, aclar\u00f3 Barboza.<\/p>\n<p>La directora de Promoci\u00f3n Tur\u00edstica, Andrea Herrera, plante\u00f3, entre otros objetivos, <strong>fomentar el turismo interno <\/strong>incrementando la participaci\u00f3n de residentes en actividades tur\u00edsticas locales; <strong>diversificar las ofertas con desarrollo de planes espec\u00edficos<\/strong> para los diferentes segmentos de la poblaci\u00f3n; <strong>promocionar la identidad local<\/strong> destacando la cultura, la historia y los recursos naturales de San Juan; y <strong>colaborar con empresas locales <\/strong>estableciendo alianzas estrat\u00e9gicas.<\/p>\n","protected":false},"excerpt":{"rendered":"<p>El programa fue ideado y planificado por el ministerio de Turismo en conjunto con empresas y emprendedores de toda la provincia. Hay importantes descuentos en alojamiento, gastronom\u00eda y distintas actividades. Ofrecer la oportunidad a los sanjuaninos para que puedan recorrer la provincia con beneficios exclusivos. Con ese objetivo, desde el ministerio de Turismo, Cultura y Deportes idearon \u00abSan Juan para Sanjuaninos\u00ab, un programa que cuenta con importantes descuentos y promociones para los que decidan apostar a estas tierras para disfrutar del receso de verano.<br \/>\n En medio de un contexto econ\u00f3mico especial, desde la Secretar\u00eda de Turismo convocaron a emprendedores, gastron\u00f3micos, hoteleros y empresarios en general para invitarlos a que ofrezcan descuentos en San Juan. M\u00e1s de 90 firmas se interesaron en la iniciativa y se sumaron al desaf\u00edo que entrar\u00e1 en vigencia esta semana. <\/p>\n<p> \u00abEl programa es para aprovechar este contexto que vive el pa\u00eds. La mayor\u00eda de los sanjuaninos puede vacacionar ..<\/p>\n","protected":false},"author":2,"featured_media":16079,"comment_status":"","ping_status":"","sticky":false,"template":"","format":"standard","meta":{"footnotes":""},"categories":[10],"tags":[],"_links":{"self":[{"href":"https:\/\/maxradio923.com.ar\/index.php\/wp-json\/wp\/v2\/posts\/16078"}],"collection":[{"href":"https:\/\/maxradio923.com.ar\/index.php\/wp-json\/wp\/v2\/posts"}],"about":[{"href":"https:\/\/maxradio923.com.ar\/index.php\/wp-json\/wp\/v2\/types\/post"}],"author":[{"embeddable":true,"href":"https:\/\/maxradio923.com.ar\/index.php\/wp-json\/wp\/v2\/users\/2"}],"replies":[{"embeddable":true,"href":"https:\/\/maxradio923.com.ar\/index.php\/wp-json\/wp\/v2\/comments?post=16078"}],"version-history":[{"count":0,"href":"https:\/\/maxradio923.com.ar\/index.php\/wp-json\/wp\/v2\/posts\/16078\/revisions"}],"wp:featuredmedia":[{"embeddable":true,"href":"https:\/\/maxradio923.com.ar\/index.php\/wp-json\/wp\/v2\/media\/16079"}],"wp:attachment":[{"href":"https:\/\/maxradio923.com.ar\/index.php\/wp-json\/wp\/v2\/media?parent=16078"}],"wp:term":[{"taxonomy":"category","embeddable":true,"href":"https:\/\/maxradio923.com.ar\/index.php\/wp-json\/wp\/v2\/categories?post=16078"},{"taxonomy":"post_tag","embeddable":true,"href":"https:\/\/maxradio923.com.ar\/index.php\/wp-json\/wp\/v2\/tags?post=16078"}],"curies":[{"name":"wp","href":"https:\/\/api.w.org\/{rel}","templated":true}]}}